{"id":17397,"date":"2011-06-01T09:18:00","date_gmt":"2011-06-01T09:18:00","guid":{"rendered":"http:\/\/localhost:81\/wp1\/?p=17397"},"modified":"2011-06-01T09:18:00","modified_gmt":"2011-06-01T09:18:00","slug":"agenda-227","status":"publish","type":"post","link":"https:\/\/sites.ecclesia.pt\/cv\/agenda-227\/","title":{"rendered":"Agenda"},"content":{"rendered":"<p>Junho<\/p>\n<p>4 \u2013 In\u00edcio das Festas de Ver\u00e3o da par\u00f3quia da Gl\u00f3ria<\/p>\n<p>4 \u2013 Conselho Diocesano de Pastoral Juvenil, na Casa das Irm\u00e3s Dominicanas, Aveiro, \u00e0s 9h30<\/p>\n<p>5 \u2013 Encontro dos ministros extraordin\u00e1rios da Comunh\u00e3o, \u00e0s 14h30, no Semin\u00e1rio de Aveiro<\/p>\n<p>11 \u2013 Vig\u00edlia de encerramento da terceira etapa pastoral, na S\u00e9 de Aveiro, \u00e0s 21h30<\/p>\n","protected":false},"excerpt":{"rendered":"<p>Junho 4 \u2013 In\u00edcio das Festas de Ver\u00e3o da par\u00f3quia da Gl\u00f3ria 4 \u2013 Conselho Diocesano de Pastoral Juvenil, na Casa das Irm\u00e3s Dominicanas, Aveiro, \u00e0s 9h30 5 \u2013 Encontro dos ministros extraordin\u00e1rios da Comunh\u00e3o, \u00e0s 14h30, no Semin\u00e1rio de Aveiro 11 \u2013 Vig\u00edlia de encerramento da terceira etapa pastoral, na S\u00e9 de Aveiro, \u00e0s [&hellip;]<\/p>\n","protected":false},"author":1,"featured_media":0,"comment_status":"open","ping_status":"open","sticky":false,"template":"","format":"standard","meta":{"footnotes":""},"categories":[70],"tags":[],"class_list":["post-17397","post","type-post","status-publish","format-standard","hentry","category-diocese"],"_links":{"self":[{"href":"https:\/\/sites.ecclesia.pt\/cv\/wp-json\/wp\/v2\/posts\/17397","targetHints":{"allow":["GET"]}}],"collection":[{"href":"https:\/\/sites.ecclesia.pt\/cv\/wp-json\/wp\/v2\/posts"}],"about":[{"href":"https:\/\/sites.ecclesia.pt\/cv\/wp-json\/wp\/v2\/types\/post"}],"author":[{"embeddable":true,"href":"https:\/\/sites.ecclesia.pt\/cv\/wp-json\/wp\/v2\/users\/1"}],"replies":[{"embeddable":true,"href":"https:\/\/sites.ecclesia.pt\/cv\/wp-json\/wp\/v2\/comments?post=17397"}],"version-history":[{"count":0,"href":"https:\/\/sites.ecclesia.pt\/cv\/wp-json\/wp\/v2\/posts\/17397\/revisions"}],"wp:attachment":[{"href":"https:\/\/sites.ecclesia.pt\/cv\/wp-json\/wp\/v2\/media?parent=17397"}],"wp:term":[{"taxonomy":"category","embeddable":true,"href":"https:\/\/sites.ecclesia.pt\/cv\/wp-json\/wp\/v2\/categories?post=17397"},{"taxonomy":"post_tag","embeddable":true,"href":"https:\/\/sites.ecclesia.pt\/cv\/wp-json\/wp\/v2\/tags?post=17397"}],"curies":[{"name":"wp","href":"https:\/\/api.w.org\/{rel}","templated":true}]}}