{"id":17398,"date":"2011-06-01T09:20:00","date_gmt":"2011-06-01T09:20:00","guid":{"rendered":"http:\/\/localhost:81\/wp1\/?p=17398"},"modified":"2011-06-01T09:20:00","modified_gmt":"2011-06-01T09:20:00","slug":"escola-diocesana-de-musica-sacra-apresenta-oferta-formativa-para-o-proximo-ano","status":"publish","type":"post","link":"https:\/\/sites.ecclesia.pt\/cv\/escola-diocesana-de-musica-sacra-apresenta-oferta-formativa-para-o-proximo-ano\/","title":{"rendered":"Escola Diocesana de M\u00fasica Sacra apresenta oferta formativa para o pr\u00f3ximo ano"},"content":{"rendered":"<p>A EDMUSA (Escola Diocesana de M\u00fasica Sacra) pretende melhorar progressivamente a forma\u00e7\u00e3o oferecida e implementar uma nova fase do trabalho, com as camadas mais jovens que integram e dinamizam os coros e grupos juvenis nas suas comunidades; s\u00e3o estes os alunos que mais garantias oferecem de uma forma\u00e7\u00e3o mais s\u00f3lida e continuada e, por conseguinte, com melhores resultados a m\u00e9dio e longo prazo. Assim as linhas de for\u00e7a do trabalho a desenvolver pela EDMUSA em 2011-12 s\u00e3o as seguintes:<\/p>\n<p>Em primeiro lugar, dar continuidade \u00e0 forma\u00e7\u00e3o oferecida at\u00e9 agora atrav\u00e9s do Curso Livre (iniciado em 2005) e do Curso de M\u00fasica Sacra (retomado em 2008), destinada a adultos e grupos de jovens e seus directores;<\/p>\n<p>Em segundo lugar, e numa perspectiva de abertura \u00e0 colabora\u00e7\u00e3o com outras institui\u00e7\u00f5es &#8211; nomeadamente o Conservat\u00f3rio \u2013 acrescentar ao Curso Geral de M\u00fasica Sacra (5 anos), o Curso Complementar (3 anos) para os alunos que tenham possibilidade de prosseguir e aprofundar os estudos, tendo em vista o ingresso num curso superior de m\u00fasica sacra. De acordo com os destinat\u00e1rios, o curso oferece tr\u00eas op\u00e7\u00f5es: Canto Lit\u00fargico (coralistas e salmistas), Direc\u00e7\u00e3o Coral e \u00d3rg\u00e3o. Esta reorganiza\u00e7\u00e3o do plano de estudos passa pelo estabelecimento de parcerias com outras institui\u00e7\u00f5es, nomeadamente o ISCRA (para o m\u00f3dulo Liturgia, a partir do 4.\u00ba ano do Curto geral), o Conservat\u00f3rio (em particular para o Curso Complementar), as Semanas de Estudos Gregorianos (para o Canto Gregoriano) e o Curso Nacional de M\u00fasica Lit\u00fargica (F\u00e1tima). <\/p>\n<p>Assim, de 1 a 30 de Junho est\u00e3o abertas as inscri\u00e7\u00f5es, n\u00e3o s\u00f3 para adultos e jovens no Curso Livre, em moldes id\u00eanticos aos dos anos anteriores, mas tamb\u00e9m para as camadas mais jovens, num modelo de trabalho mais aprofundado, nomeadamente:<\/p>\n<p>a) 1.\u00ba Ano do Curso de Canto Lit\u00fargico (alunos dos 10 aos 18 anos), com as disciplinas de Forma\u00e7\u00e3o Musical, Coro, Educa\u00e7\u00e3o Vocal (em turma) e Instrumento de tecla (em turma). Hor\u00e1rio: duas tardes por semana, entre as 16.30 e as 19h. no CUFC (salas do jardim). Custos: 55 \u20ac\/m\u00eas.<\/p>\n<p>b) Curso livre de Canto Lit\u00fargico (salmistas jovens e adultos) \u2013 1.\u00aa inscri\u00e7\u00e3o ou renova\u00e7\u00e3o da matr\u00edcula -, com as disciplinas de Forma\u00e7\u00e3o Musical, Coro ou Grupo vocal\/Instrumental, Educa\u00e7\u00e3o Vocal (em turma) e Instrumento de tecla\/Pr\u00e1tica de teclado (em turma). Hor\u00e1rio: aos s\u00e1bados das 14 \u00e0s 18.30. Custos: 25 \u20ac\/m\u00eas<\/p>\n<p>c) Curso livre de Direc\u00e7\u00e3o coral (jovens e adultos) &#8211; 1.\u00aa inscri\u00e7\u00e3o ou renova\u00e7\u00e3o da matr\u00edcula -, com as disciplinas de Forma\u00e7\u00e3o Musical, Coro ou Grupo vocal \/ Instrumental, Educa\u00e7\u00e3o Vocal (em turma), Instrumento de tecla\/Pr\u00e1tica de teclado (em turma) ou Guitarra (para directores de grupos de jovens) e Direc\u00e7\u00e3o coral\/Coro de c\u00e2mara. Hor\u00e1rio: aos s\u00e1bados, das 10 \u00e0s 12.30 e das 14 \u00e0s 18.30. Cursos: 30 \u20ac\/m\u00eas.<\/p>\n<p>d) Renova\u00e7\u00e3o da inscri\u00e7\u00e3o de alunos do Curso de \u00d3rg\u00e3o, com as disciplinas de Forma\u00e7\u00e3o Musical, Coro, Educa\u00e7\u00e3o Vocal (em turma), Direc\u00e7\u00e3o coral\/Coro de c\u00e2mara e \u00d3rg\u00e3o. Hor\u00e1rio: aos s\u00e1bados, das 10 \u00e0s 12.30 e das 14 \u00e0s 18.30; a aula de \u00d3rg\u00e3o \u00e9 em hor\u00e1rio a combinar com o professor. Cursos: 30 \u20ac\/m\u00eas.<\/p>\n<p>NB. Os novos candidatos ao Curso de \u00d3rg\u00e3o devem inscrever-se no 1.\u00ba ano do curso de Canto Lit\u00fargico ou Direc\u00e7\u00e3o Coral, onde frequentam a disciplina \u201cInstrumento de tecla\u201d como trabalho preparat\u00f3rio.<\/p>\n<p>e) Inscri\u00e7\u00e3o de pessoas que apenas frequentam Coro ou Grupo Vocal\/Instrumental. Hor\u00e1rio: 1.\u00ba s\u00e1bado de cada m\u00eas, das 15 \u00e0s 19h, seguindo-se a missa de encerramento. Custos: 2.50 \u20ac \/ m\u00eas<\/p>\n<p>Inscri\u00e7\u00f5es<\/p>\n<p>Para as inscri\u00e7\u00f5es, contactar: edmusa.aveiro@gmail.com ou edmusajovem@gmail.com ou tel. 96 284 29 82 (P.e Paulo Cruz)<\/p>\n","protected":false},"excerpt":{"rendered":"<p>A EDMUSA (Escola Diocesana de M\u00fasica Sacra) pretende melhorar progressivamente a forma\u00e7\u00e3o oferecida e implementar uma nova fase do trabalho, com as camadas mais jovens que integram e dinamizam os coros e grupos juvenis nas suas comunidades; s\u00e3o estes os alunos que mais garantias oferecem de uma forma\u00e7\u00e3o mais s\u00f3lida e continuada e, por conseguinte, [&hellip;]<\/p>\n","protected":false},"author":1,"featured_media":0,"comment_status":"open","ping_status":"open","sticky":false,"template":"","format":"standard","meta":{"footnotes":""},"categories":[70],"tags":[],"class_list":["post-17398","post","type-post","status-publish","format-standard","hentry","category-diocese"],"_links":{"self":[{"href":"https:\/\/sites.ecclesia.pt\/cv\/wp-json\/wp\/v2\/posts\/17398","targetHints":{"allow":["GET"]}}],"collection":[{"href":"https:\/\/sites.ecclesia.pt\/cv\/wp-json\/wp\/v2\/posts"}],"about":[{"href":"https:\/\/sites.ecclesia.pt\/cv\/wp-json\/wp\/v2\/types\/post"}],"author":[{"embeddable":true,"href":"https:\/\/sites.ecclesia.pt\/cv\/wp-json\/wp\/v2\/users\/1"}],"replies":[{"embeddable":true,"href":"https:\/\/sites.ecclesia.pt\/cv\/wp-json\/wp\/v2\/comments?post=17398"}],"version-history":[{"count":0,"href":"https:\/\/sites.ecclesia.pt\/cv\/wp-json\/wp\/v2\/posts\/17398\/revisions"}],"wp:attachment":[{"href":"https:\/\/sites.ecclesia.pt\/cv\/wp-json\/wp\/v2\/media?parent=17398"}],"wp:term":[{"taxonomy":"category","embeddable":true,"href":"https:\/\/sites.ecclesia.pt\/cv\/wp-json\/wp\/v2\/categories?post=17398"},{"taxonomy":"post_tag","embeddable":true,"href":"https:\/\/sites.ecclesia.pt\/cv\/wp-json\/wp\/v2\/tags?post=17398"}],"curies":[{"name":"wp","href":"https:\/\/api.w.org\/{rel}","templated":true}]}}