{"id":17399,"date":"2011-06-01T09:24:00","date_gmt":"2011-06-01T09:24:00","guid":{"rendered":"http:\/\/localhost:81\/wp1\/?p=17399"},"modified":"2011-06-01T09:24:00","modified_gmt":"2011-06-01T09:24:00","slug":"reunioes-de-clero-junho-de-2011","status":"publish","type":"post","link":"https:\/\/sites.ecclesia.pt\/cv\/reunioes-de-clero-junho-de-2011\/","title":{"rendered":"Reuni\u00f5es de Clero &#8211; Junho de 2011"},"content":{"rendered":"<p>Arciprestado\tDia      Hora\tLocal<\/p>\n<p>\u00c1gueda\t\t02\t09h30\tRecard\u00e3es<\/p>\n<p>Albergaria-a-Velha09\t10h00\tCasa Diocesana<\/p>\n<p>Anadia\t\t09 \t09h30\tVila Nova de Monsarros<\/p>\n<p>Aveiro          08      08h00\tSemin\u00e1rio Dehoniano<\/p>\n<p>Estarreja\/Murtosa09\t09h30\tAvanca<\/p>\n<p>\u00cdlhavo\t\t08\t09h00\tSemin\u00e1rio de Aveiro<\/p>\n<p>Oliveira do Bairro08\t09h30\tSangalhos<\/p>\n<p>Sever do Vouga\t07\t13h00\tPessegueiro do Vouga<\/p>\n<p>Vagos\t\t06\t09h30\tGafanha da Boa-Hora<\/p>\n<p>AGENDA SUGERIDA:<\/p>\n<p>1. Hora interm\u00e9dia, com reflex\u00e3o sobre o evangelho do domingo seguinte, ou \u00e0 escolha do arcipreste<\/p>\n<p>2. Leitura, revis\u00e3o e aprova\u00e7\u00e3o da acta da \u00faltima reuni\u00e3o<\/p>\n<p>3. Pastoral diocesana:<\/p>\n<p>&#8211; Reflex\u00e3o sobre a prepara\u00e7\u00e3o da IV\u00aa Etapa do Plano Pastoral Diocesano<\/p>\n<p>&#8211; Reflex\u00e3o sobre as Festas Jubilares da Diocese: &#8211; Objectivos e Programa<\/p>\n<p>&#8211; Inscri\u00e7\u00f5es para o 2\u00ba turno do Retiro dos Sacerdotes (P.e Senra Coelho)<\/p>\n<p>&#8211; Matr\u00edcula nas Aulas de Educa\u00e7\u00e3o Moral e Religiosa Cat\u00f3lica<\/p>\n<p>4. Pastoral arciprestal<\/p>\n<p>5. Outros assuntos<\/p>\n<p>INFORMA\u00c7\u00d5ES<\/p>\n<p>CALEND\u00c1RIO DE ALGUMAS ACTIVIDADES:<\/p>\n<p>&#9679; 04-05\/Jun. \u2013 Encontro dos pr\u00e9-seminaristas mais novos (Semin\u00e1rio)<\/p>\n<p>&#9679;  11\/Jun. \u2013 Prepara\u00e7\u00e3o para os participantes da JMJ em Madrid (CUFC)<\/p>\n<p>&#9679;  11\/Jun. \u2013 Encerramento da III\u00aa Etapa do Plano Pastoral (S\u00e9 de Aveiro)<\/p>\n<p>&#9679; 11-12\/Jun. \u2013 Encontro dos pr\u00e9-seminaristas mais velhos (Semin\u00e1rio)<\/p>\n<p>&#9679; 17-18\/Jun. \u2013 Conselho Nacional da Pastoral Juvenil (F\u00e1tima)<\/p>\n<p>&#9679; 18\/Jun. \u2013 Assembleia Diaconal (Semin\u00e1rio)<\/p>\n<p>&#9679; 18-19\/Jun. \u2013 Encontro dos candidatos ao Pr\u00e9-Semin\u00e1rio (Semin\u00e1rio)<\/p>\n<p>&#9679; 19\/Jun. \u2013 Dia Diocesano da Pastoral da Sa\u00fade (Sal\u00e3o de D. Jo\u00e3o Evangelista)<\/p>\n<p>&#9679; 19\/Jun. \u2013 Dia de Ac\u00e7\u00e3o de Gra\u00e7as da C.I.R.P.<\/p>\n<p>&#9679; 25\/Jun. \u2013 Assembleia Plen\u00e1ria do Mov. dos Cursos de Cristandade (F\u00e1tima)<\/p>\n<p>&#9679; 27-29\/Jun. \u2013 Jornadas dos Vig\u00e1rios Episcopais e Arciprestes<\/p>\n<p>&#9679; 02-09\/Jul. \u2013 Est\u00e1gio dos pr\u00e9-seminaristas mais velhos (Semin\u00e1rio)<\/p>\n<p>&#9679; 03\/Jul. \u2013 Conselho Diocesano da Catequese<\/p>\n<p>&#9679; 04-07\/Jul. \u2013 Semana Nacional das Migra\u00e7\u00f5es (Casa Diocesana)<\/p>\n<p>&#9679; 11-15\/Jul. \u2013 Retiro dos Sacerdotes \u2013 2.\u00ba turno (Casa Diocesana)<\/p>\n","protected":false},"excerpt":{"rendered":"<p>Arciprestado Dia Hora Local \u00c1gueda 02 09h30 Recard\u00e3es Albergaria-a-Velha09 10h00 Casa Diocesana Anadia 09 09h30 Vila Nova de Monsarros Aveiro 08 08h00 Semin\u00e1rio Dehoniano Estarreja\/Murtosa09 09h30 Avanca \u00cdlhavo 08 09h00 Semin\u00e1rio de Aveiro Oliveira do Bairro08 09h30 Sangalhos Sever do Vouga 07 13h00 Pessegueiro do Vouga Vagos 06 09h30 Gafanha da Boa-Hora AGENDA SUGERIDA: 1. [&hellip;]<\/p>\n","protected":false},"author":1,"featured_media":0,"comment_status":"open","ping_status":"open","sticky":false,"template":"","format":"standard","meta":{"footnotes":""},"categories":[70],"tags":[],"class_list":["post-17399","post","type-post","status-publish","format-standard","hentry","category-diocese"],"_links":{"self":[{"href":"https:\/\/sites.ecclesia.pt\/cv\/wp-json\/wp\/v2\/posts\/17399","targetHints":{"allow":["GET"]}}],"collection":[{"href":"https:\/\/sites.ecclesia.pt\/cv\/wp-json\/wp\/v2\/posts"}],"about":[{"href":"https:\/\/sites.ecclesia.pt\/cv\/wp-json\/wp\/v2\/types\/post"}],"author":[{"embeddable":true,"href":"https:\/\/sites.ecclesia.pt\/cv\/wp-json\/wp\/v2\/users\/1"}],"replies":[{"embeddable":true,"href":"https:\/\/sites.ecclesia.pt\/cv\/wp-json\/wp\/v2\/comments?post=17399"}],"version-history":[{"count":0,"href":"https:\/\/sites.ecclesia.pt\/cv\/wp-json\/wp\/v2\/posts\/17399\/revisions"}],"wp:attachment":[{"href":"https:\/\/sites.ecclesia.pt\/cv\/wp-json\/wp\/v2\/media?parent=17399"}],"wp:term":[{"taxonomy":"category","embeddable":true,"href":"https:\/\/sites.ecclesia.pt\/cv\/wp-json\/wp\/v2\/categories?post=17399"},{"taxonomy":"post_tag","embeddable":true,"href":"https:\/\/sites.ecclesia.pt\/cv\/wp-json\/wp\/v2\/tags?post=17399"}],"curies":[{"name":"wp","href":"https:\/\/api.w.org\/{rel}","templated":true}]}}