{"id":174,"date":"2006-04-03T14:44:00","date_gmt":"2006-04-03T14:44:00","guid":{"rendered":"http:\/\/localhost:81\/wp1\/?p=174"},"modified":"2006-04-03T14:44:00","modified_gmt":"2006-04-03T14:44:00","slug":"pavimentacao-de-arruamentos","status":"publish","type":"post","link":"https:\/\/sites.ecclesia.pt\/cv\/pavimentacao-de-arruamentos\/","title":{"rendered":"Pavimenta\u00e7\u00e3o de arruamentos"},"content":{"rendered":"<p>No \u00e2mbito do Plano de Reabilita\u00e7\u00e3o e Qualifica\u00e7\u00e3o de Arruamentos no Concelho, a C\u00e2mara Municipal de Aveiro tem vindo a desenvolver trabalhos de melhoria de pavimentos na freguesia de Aradas, seguindo-se agora as freguesias de Esgueira e Santa Joana.<\/p>\n<p>J\u00e1 em fase de acabamento, a Rua do Sacob\u00e3o, na freguesia de Aradas, est\u00e1 a ser alvo de interven\u00e7\u00e3o, com a realiza\u00e7\u00e3o de pavimenta\u00e7\u00e3o a argamassa betuminosa e bet\u00e3o betuminoso, num total de 275 metros. Em Esgueira, a Rua Jos\u00e9 Luciano de Castro est\u00e1 a ser melhorada num tro\u00e7o de 450 mestros.<\/p>\n<p>No que diz respeito \u00e0 freguesia de Santa Joana, a interven\u00e7\u00e3o ter\u00e1 lugar na liga\u00e7\u00e3o da Rua D. Jo\u00e3o Evangelista Lima Vidal \u00e0 Rua das Cavadas, com a realiza\u00e7\u00e3o de infra-estruturas de \u00e1guas pluviais, execu\u00e7\u00e3o de estacionamentos e rotunda, e pavimenta\u00e7\u00e3o da via em 210 metros. Nesta empreitada falta apenas a pavimenta\u00e7\u00e3o.<\/p>\n<p>No Plano de Reabilita\u00e7\u00e3o e Qualifica\u00e7\u00e3o de Arruamentos no Concelho de Aveiro, a C\u00e2mara Municipal  prev\u00ea gastar, em 2003, um total de um milh\u00e3o de euros, privilegiando, numa primeira fase, as freguesias de Cacia, Esgueira, Santa Joana, S\u00e3o Bernardo e Aradas.<\/p>\n<p>Estas obras est\u00e3o a responder, de certa forma, aos protestos tantas vezes manifestados contra o mau estado de algumas ruas do concelho de Aveiro.<\/p>\n","protected":false},"excerpt":{"rendered":"<p>No \u00e2mbito do Plano de Reabilita\u00e7\u00e3o e Qualifica\u00e7\u00e3o de Arruamentos no Concelho, a C\u00e2mara Municipal de Aveiro tem vindo a desenvolver trabalhos de melhoria de pavimentos na freguesia de Aradas, seguindo-se agora as freguesias de Esgueira e Santa Joana. J\u00e1 em fase de acabamento, a Rua do Sacob\u00e3o, na freguesia de Aradas, est\u00e1 a ser [&hellip;]<\/p>\n","protected":false},"author":1,"featured_media":0,"comment_status":"open","ping_status":"open","sticky":false,"template":"","format":"standard","meta":{"footnotes":""},"categories":[63],"tags":[],"class_list":["post-174","post","type-post","status-publish","format-standard","hentry","category-aveiro"],"_links":{"self":[{"href":"https:\/\/sites.ecclesia.pt\/cv\/wp-json\/wp\/v2\/posts\/174","targetHints":{"allow":["GET"]}}],"collection":[{"href":"https:\/\/sites.ecclesia.pt\/cv\/wp-json\/wp\/v2\/posts"}],"about":[{"href":"https:\/\/sites.ecclesia.pt\/cv\/wp-json\/wp\/v2\/types\/post"}],"author":[{"embeddable":true,"href":"https:\/\/sites.ecclesia.pt\/cv\/wp-json\/wp\/v2\/users\/1"}],"replies":[{"embeddable":true,"href":"https:\/\/sites.ecclesia.pt\/cv\/wp-json\/wp\/v2\/comments?post=174"}],"version-history":[{"count":0,"href":"https:\/\/sites.ecclesia.pt\/cv\/wp-json\/wp\/v2\/posts\/174\/revisions"}],"wp:attachment":[{"href":"https:\/\/sites.ecclesia.pt\/cv\/wp-json\/wp\/v2\/media?parent=174"}],"wp:term":[{"taxonomy":"category","embeddable":true,"href":"https:\/\/sites.ecclesia.pt\/cv\/wp-json\/wp\/v2\/categories?post=174"},{"taxonomy":"post_tag","embeddable":true,"href":"https:\/\/sites.ecclesia.pt\/cv\/wp-json\/wp\/v2\/tags?post=174"}],"curies":[{"name":"wp","href":"https:\/\/api.w.org\/{rel}","templated":true}]}}