{"id":17400,"date":"2011-06-01T09:31:00","date_gmt":"2011-06-01T09:31:00","guid":{"rendered":"http:\/\/localhost:81\/wp1\/?p=17400"},"modified":"2011-06-01T09:31:00","modified_gmt":"2011-06-01T09:31:00","slug":"encontro-dos-ministros-extraordinarios-da-comunhao-2","status":"publish","type":"post","link":"https:\/\/sites.ecclesia.pt\/cv\/encontro-dos-ministros-extraordinarios-da-comunhao-2\/","title":{"rendered":"Encontro dos ministros extraordin\u00e1rios da Comunh\u00e3o"},"content":{"rendered":"<p>Vai realizar-se o terceiro e \u00faltimo encontro de forma\u00e7\u00e3o permanente dos ministros extraordin\u00e1rios da Comunh\u00e3o (MEC), no pr\u00f3ximo dia 5 de Junho, com in\u00edcio \u00e0s 14h30, no Audit\u00f3rio do Semin\u00e1rio de Aveiro. O tema a desenvolver ser\u00e1 \u201cOs Sacramentos da Igreja\u201d.<\/p>\n<p>Apesar de terem sido marcadas elei\u00e7\u00f5es para este domingo, o Secretariado ir\u00e1 terminar o encontro a horas de todos poderem participar no acto eleitoral. <\/p>\n","protected":false},"excerpt":{"rendered":"<p>Vai realizar-se o terceiro e \u00faltimo encontro de forma\u00e7\u00e3o permanente dos ministros extraordin\u00e1rios da Comunh\u00e3o (MEC), no pr\u00f3ximo dia 5 de Junho, com in\u00edcio \u00e0s 14h30, no Audit\u00f3rio do Semin\u00e1rio de Aveiro. O tema a desenvolver ser\u00e1 \u201cOs Sacramentos da Igreja\u201d. Apesar de terem sido marcadas elei\u00e7\u00f5es para este domingo, o Secretariado ir\u00e1 terminar o [&hellip;]<\/p>\n","protected":false},"author":1,"featured_media":0,"comment_status":"open","ping_status":"open","sticky":false,"template":"","format":"standard","meta":{"footnotes":""},"categories":[70],"tags":[],"class_list":["post-17400","post","type-post","status-publish","format-standard","hentry","category-diocese"],"_links":{"self":[{"href":"https:\/\/sites.ecclesia.pt\/cv\/wp-json\/wp\/v2\/posts\/17400","targetHints":{"allow":["GET"]}}],"collection":[{"href":"https:\/\/sites.ecclesia.pt\/cv\/wp-json\/wp\/v2\/posts"}],"about":[{"href":"https:\/\/sites.ecclesia.pt\/cv\/wp-json\/wp\/v2\/types\/post"}],"author":[{"embeddable":true,"href":"https:\/\/sites.ecclesia.pt\/cv\/wp-json\/wp\/v2\/users\/1"}],"replies":[{"embeddable":true,"href":"https:\/\/sites.ecclesia.pt\/cv\/wp-json\/wp\/v2\/comments?post=17400"}],"version-history":[{"count":0,"href":"https:\/\/sites.ecclesia.pt\/cv\/wp-json\/wp\/v2\/posts\/17400\/revisions"}],"wp:attachment":[{"href":"https:\/\/sites.ecclesia.pt\/cv\/wp-json\/wp\/v2\/media?parent=17400"}],"wp:term":[{"taxonomy":"category","embeddable":true,"href":"https:\/\/sites.ecclesia.pt\/cv\/wp-json\/wp\/v2\/categories?post=17400"},{"taxonomy":"post_tag","embeddable":true,"href":"https:\/\/sites.ecclesia.pt\/cv\/wp-json\/wp\/v2\/tags?post=17400"}],"curies":[{"name":"wp","href":"https:\/\/api.w.org\/{rel}","templated":true}]}}