{"id":17401,"date":"2011-06-01T09:33:00","date_gmt":"2011-06-01T09:33:00","guid":{"rendered":"http:\/\/localhost:81\/wp1\/?p=17401"},"modified":"2011-06-01T09:33:00","modified_gmt":"2011-06-01T09:33:00","slug":"bispo-de-aveiro-preside-em-fatima-a-missa-da-peregrinacao-das-criancas","status":"publish","type":"post","link":"https:\/\/sites.ecclesia.pt\/cv\/bispo-de-aveiro-preside-em-fatima-a-missa-da-peregrinacao-das-criancas\/","title":{"rendered":"Bispo de Aveiro preside em F\u00e1tima \u00e0 missa da peregrina\u00e7\u00e3o das crian\u00e7as"},"content":{"rendered":"<p>A peregrina\u00e7\u00e3o das crian\u00e7as, nos dias 9 e 10 de Junho, tem como tema: \u201cPai, Filho e Esp\u00edrito Santo, eu Vos adoro\u201d. Ser\u00e1 convite \u00e0 adora\u00e7\u00e3o a Deus.<\/p>\n<p>D. Ant\u00f3nio Francisco preside no dia 10 de Junho \u00e0 Eucaristia da peregrina\u00e7\u00e3o das crian\u00e7as ao Santu\u00e1rio de F\u00e1tima, que este ano tem como tema \u201cPai, Filho e Esp\u00edrito Santo, eu Vos adoro\u201d. <\/p>\n<p>\u201cPretende-se desenvolver nas crian\u00e7as a atitude de adora\u00e7\u00e3o a Deus, Sant\u00edssima Trindade. No crente, a atitude de adora\u00e7\u00e3o \u00e9 o reconhecimento da transcend\u00eancia de Deus; \u00e9 a aceita\u00e7\u00e3o do Seu mist\u00e9rio; o desejo de O honrar e glorificar profundamente\u201d, refere a comiss\u00e3o organizadora desta peregrina\u00e7\u00e3o, grupo que \u00e9 presidido pelo ainda reitor do Santu\u00e1rio de F\u00e1tima, D. Virg\u00edlio Antunes (bispo nomeado para Coimbra).<\/p>\n<p>O programa da peregrina\u00e7\u00e3o prop\u00f5e um percurso semelhante aos anteriores, este ano marcado por momentos de contempla\u00e7\u00e3o da transcend\u00eancia de Deus, nas pequenas e nas grandes coisas da vida e do mundo. Para o dia 9, o convite passa pela visita aos locais das apari\u00e7\u00f5es do Anjo; pela oferta de flores a Nossa Senhora, na Capelinha das Apari\u00e7\u00f5es; e por uma celebra\u00e7\u00e3o na Igreja da Sant\u00edssima Trindade, intitulada \u201cCom o Anjo, vamos adorar o Senhor\u201d. No dia 10, feriado nacional e dia lit\u00fargico dedicado ao Anjo de Portugal, em tr\u00eas momentos, duas outras celebra\u00e7\u00f5es ser\u00e3o apresentadas no mesmo local: \u201cToda a cria\u00e7\u00e3o louva o Senhor\u201d (\u00e0s 09h30 e \u00e0s 15h) e \u201cO meu tesouro \u00e9s Tu, Senhor\u201d (\u00e0s 16h). O Ros\u00e1rio ser\u00e1 recitado \u00e0s 10h00, seguido da Eucaristia, no Recinto de Ora\u00e7\u00e3o, \u00e0s 11h00, presidida pelo Bispo de Aveiro.<\/p>\n<p>Esta peregrina\u00e7\u00e3o representa um dos \u00faltimos actos de D. Virg\u00edlio Antunes enquanto reitor do santu\u00e1rio mais importante do pa\u00eds. No dia seguinte, 11 de Junho, P.e Carlos Cabecinhas toma posse como novo reitor.<\/p>\n<p>C.V.<\/p>\n","protected":false},"excerpt":{"rendered":"<p>A peregrina\u00e7\u00e3o das crian\u00e7as, nos dias 9 e 10 de Junho, tem como tema: \u201cPai, Filho e Esp\u00edrito Santo, eu Vos adoro\u201d. Ser\u00e1 convite \u00e0 adora\u00e7\u00e3o a Deus. D. Ant\u00f3nio Francisco preside no dia 10 de Junho \u00e0 Eucaristia da peregrina\u00e7\u00e3o das crian\u00e7as ao Santu\u00e1rio de F\u00e1tima, que este ano tem como tema \u201cPai, Filho [&hellip;]<\/p>\n","protected":false},"author":1,"featured_media":0,"comment_status":"open","ping_status":"open","sticky":false,"template":"","format":"standard","meta":{"footnotes":""},"categories":[53],"tags":[],"class_list":["post-17401","post","type-post","status-publish","format-standard","hentry","category-igreja-em-portugal"],"_links":{"self":[{"href":"https:\/\/sites.ecclesia.pt\/cv\/wp-json\/wp\/v2\/posts\/17401","targetHints":{"allow":["GET"]}}],"collection":[{"href":"https:\/\/sites.ecclesia.pt\/cv\/wp-json\/wp\/v2\/posts"}],"about":[{"href":"https:\/\/sites.ecclesia.pt\/cv\/wp-json\/wp\/v2\/types\/post"}],"author":[{"embeddable":true,"href":"https:\/\/sites.ecclesia.pt\/cv\/wp-json\/wp\/v2\/users\/1"}],"replies":[{"embeddable":true,"href":"https:\/\/sites.ecclesia.pt\/cv\/wp-json\/wp\/v2\/comments?post=17401"}],"version-history":[{"count":0,"href":"https:\/\/sites.ecclesia.pt\/cv\/wp-json\/wp\/v2\/posts\/17401\/revisions"}],"wp:attachment":[{"href":"https:\/\/sites.ecclesia.pt\/cv\/wp-json\/wp\/v2\/media?parent=17401"}],"wp:term":[{"taxonomy":"category","embeddable":true,"href":"https:\/\/sites.ecclesia.pt\/cv\/wp-json\/wp\/v2\/categories?post=17401"},{"taxonomy":"post_tag","embeddable":true,"href":"https:\/\/sites.ecclesia.pt\/cv\/wp-json\/wp\/v2\/tags?post=17401"}],"curies":[{"name":"wp","href":"https:\/\/api.w.org\/{rel}","templated":true}]}}