{"id":17402,"date":"2011-06-01T09:35:00","date_gmt":"2011-06-01T09:35:00","guid":{"rendered":"http:\/\/localhost:81\/wp1\/?p=17402"},"modified":"2011-06-01T09:35:00","modified_gmt":"2011-06-01T09:35:00","slug":"evangelho-deve-resgatar-homem-distraido","status":"publish","type":"post","link":"https:\/\/sites.ecclesia.pt\/cv\/evangelho-deve-resgatar-homem-distraido\/","title":{"rendered":"Evangelho deve resgatar Homem &#8220;distra\u00eddo&#8221;"},"content":{"rendered":"<p>Bento XVI pediu \u201centusiasmo e coragem\u201d ao Conselho Pontif\u00edcio para a Promo\u00e7\u00e3o da Nova Evangeliza\u00e7\u00e3o, para anunciar Cristo a uma sociedade secularizada.<\/p>\n<p>Bento XVI defendeu na segunda-feira, 30 de Maio, a necessidade de uma nova evangeliza\u00e7\u00e3o, que resgate a vida crist\u00e3 da \u201ccrise\u201d e que volte a tocar o cora\u00e7\u00e3o do homem actual, \u201ctantas vezes distra\u00eddo e insens\u00edvel\u201d.<\/p>\n<p>Numa audi\u00eancia concedida ao Conselho Pontif\u00edcio para a Promo\u00e7\u00e3o da Nova Evangeliza\u00e7\u00e3o, reunido esta semana em assembleia plen\u00e1ria no Vaticano, o Papa recordou que a seculariza\u00e7\u00e3o deixou \u201cuma heran\u00e7a pesada nos pa\u00edses de tradi\u00e7\u00e3o crist\u00e3\u201d.<\/p>\n<p>\u201cNos s\u00e9culos passados, ainda era poss\u00edvel encontrar um sentido crist\u00e3o geral que unificava o sentir de gera\u00e7\u00f5es inteiras, desenvolvidas \u00e0 sombra da f\u00e9 que tinha marcado a cultura\u201d, apontou Bento XVI, lamentando um cristianismo afectado pelo \u201cdrama da fragmentariedade\u201d, algo que o impede, neste momento, de se afirmar como uma \u201crefer\u00eancia unificadora\u201d.<\/p>\n<p>Contra a indiferen\u00e7a<\/p>\n<p>Criado em Junho do ano passado, por ocasi\u00e3o da solenidade de S\u00e3o Pedro e S\u00e3o Paulo, o Conselho Pontif\u00edcio para a Nova Evangeliza\u00e7\u00e3o tem como desafio responder a um tempo \u201cmarcado por uma indiferen\u00e7a generalizada em rela\u00e7\u00e3o \u00e0 pr\u00f3pria f\u00e9 crist\u00e3, que se tem visto muitas vezes marginalizada da vida p\u00fablica\u201d.<\/p>\n<p>\u201cSer crist\u00e3o n\u00e3o \u00e9 uma esp\u00e9cie de roupagem que se usa na vida privada ou em ocasi\u00f5es especiais, mas sim algo vivo e universal, capaz de assumir tudo o que de bom existe na modernidade\u201d, avisou o Papa, para quem s\u00f3 a Palavra de Deus poder\u00e1 \u201cabrir a humanidade a um futuro de esperan\u00e7a forte e segura\u201d.<\/p>\n<p>A todos os cardeais, bispos e sacerdotes que v\u00e3o participar no encontro daquele dicast\u00e9rio, o Papa pede por isso \u201ca urg\u00eancia de um an\u00fancio renovado\u201d, estendida sobretudo \u00e0s \u201cnovas gera\u00e7\u00f5es\u201d. Desafia-os ainda, atrav\u00e9s de uma \u201ccredibilidade genu\u00edna\u201d, a reorientarem o estilo de vida dos crentes, recordando as palavras do antigo Papa Paulo VI. Ele defendia um testemunho de vida baseado na \u201cfidelidade a Jesus, na pobreza, no desapego, na liberdade diante dos poderes deste mundo, ou seja, baseado na santidade\u201d, afirmou o actual Papa.<\/p>\n<p>Esta miss\u00e3o, no entender de Bento XVI, poder\u00e1 parecer \u201calgo mais complexa do que no passado\u201d, mas, \u201c\u00e0 imagem dos primeiros ap\u00f3stolos, dever\u00e1 manter o mesmo entusiasmo e coragem\u201d.<\/p>\n<p>CV \/ Ecclesia<\/p>\n","protected":false},"excerpt":{"rendered":"<p>Bento XVI pediu \u201centusiasmo e coragem\u201d ao Conselho Pontif\u00edcio para a Promo\u00e7\u00e3o da Nova Evangeliza\u00e7\u00e3o, para anunciar Cristo a uma sociedade secularizada. Bento XVI defendeu na segunda-feira, 30 de Maio, a necessidade de uma nova evangeliza\u00e7\u00e3o, que resgate a vida crist\u00e3 da \u201ccrise\u201d e que volte a tocar o cora\u00e7\u00e3o do homem actual, \u201ctantas vezes [&hellip;]<\/p>\n","protected":false},"author":1,"featured_media":0,"comment_status":"open","ping_status":"open","sticky":false,"template":"","format":"standard","meta":{"footnotes":""},"categories":[55],"tags":[],"class_list":["post-17402","post","type-post","status-publish","format-standard","hentry","category-igreja-no-mundo"],"_links":{"self":[{"href":"https:\/\/sites.ecclesia.pt\/cv\/wp-json\/wp\/v2\/posts\/17402","targetHints":{"allow":["GET"]}}],"collection":[{"href":"https:\/\/sites.ecclesia.pt\/cv\/wp-json\/wp\/v2\/posts"}],"about":[{"href":"https:\/\/sites.ecclesia.pt\/cv\/wp-json\/wp\/v2\/types\/post"}],"author":[{"embeddable":true,"href":"https:\/\/sites.ecclesia.pt\/cv\/wp-json\/wp\/v2\/users\/1"}],"replies":[{"embeddable":true,"href":"https:\/\/sites.ecclesia.pt\/cv\/wp-json\/wp\/v2\/comments?post=17402"}],"version-history":[{"count":0,"href":"https:\/\/sites.ecclesia.pt\/cv\/wp-json\/wp\/v2\/posts\/17402\/revisions"}],"wp:attachment":[{"href":"https:\/\/sites.ecclesia.pt\/cv\/wp-json\/wp\/v2\/media?parent=17402"}],"wp:term":[{"taxonomy":"category","embeddable":true,"href":"https:\/\/sites.ecclesia.pt\/cv\/wp-json\/wp\/v2\/categories?post=17402"},{"taxonomy":"post_tag","embeddable":true,"href":"https:\/\/sites.ecclesia.pt\/cv\/wp-json\/wp\/v2\/tags?post=17402"}],"curies":[{"name":"wp","href":"https:\/\/api.w.org\/{rel}","templated":true}]}}