{"id":17418,"date":"2011-06-01T09:22:00","date_gmt":"2011-06-01T09:22:00","guid":{"rendered":"http:\/\/localhost:81\/wp1\/?p=17418"},"modified":"2011-06-01T09:22:00","modified_gmt":"2011-06-01T09:22:00","slug":"encerramento-da-terceira-etapa-do-plano-diocesano-de-pastoral","status":"publish","type":"post","link":"https:\/\/sites.ecclesia.pt\/cv\/encerramento-da-terceira-etapa-do-plano-diocesano-de-pastoral\/","title":{"rendered":"Encerramento da terceira etapa do Plano Diocesano de Pastoral"},"content":{"rendered":"<p>Car\u00edssimos Diocesanos <\/p>\n<p>\u00abA paz esteja convosco\u00bb \u00e9 a sauda\u00e7\u00e3o que vos dirijo neste Domingo do Bom Pastor. <\/p>\n<p>A nossa diocese viveu este ano sob o lema: \u201cA Igreja Diocesana orante \u00e9 lugar de Esperan\u00e7a\u201d e procur\u00e1mos descobrir na dimens\u00e3o lit\u00fargica e celebrativa e na religiosidade popular, o alimento espiritual para sustentar e dinamizar a forma\u00e7\u00e3o crist\u00e3, fomentando tamb\u00e9m o empenho da caridade crist\u00e3. Assim, somos lugar de esperan\u00e7a para a constru\u00e7\u00e3o de uma sociedade mais justa e mais fraterna. <\/p>\n<p>Chegou agora a hora de, juntos, celebrarmos o encerramento desta terceira etapa do nosso plano pastoral. <\/p>\n<p>Convido, por isso, todas e todos aqueles que vivem a f\u00e9 em Jesus Cristo ressuscitado pelo Pai e presente em n\u00f3s pelo Esp\u00edrito Santo, para comigo se reunirem em vig\u00edlia de ora\u00e7\u00e3o na v\u00e9spera de Pentecostes, dia 11 de Junho na nossa S\u00e9 Catedral pelas 21h30. <\/p>\n<p>Que todos se sintam convidados para, comigo, darmos gra\u00e7as a Deus pelo caminho feito e, juntos, sentirmos esta Igreja de Cristo presente em Aveiro que procura a renova\u00e7\u00e3o na caridade para assim ser esperan\u00e7a no mundo. <\/p>\n<p>Aveiro, 15 de Maio de 2011 <\/p>\n<p>+ Ant\u00f3nio Francisco dos Santos, Bispo de Aveiro<\/p>\n","protected":false},"excerpt":{"rendered":"<p>Car\u00edssimos Diocesanos \u00abA paz esteja convosco\u00bb \u00e9 a sauda\u00e7\u00e3o que vos dirijo neste Domingo do Bom Pastor. A nossa diocese viveu este ano sob o lema: \u201cA Igreja Diocesana orante \u00e9 lugar de Esperan\u00e7a\u201d e procur\u00e1mos descobrir na dimens\u00e3o lit\u00fargica e celebrativa e na religiosidade popular, o alimento espiritual para sustentar e dinamizar a forma\u00e7\u00e3o [&hellip;]<\/p>\n","protected":false},"author":1,"featured_media":0,"comment_status":"open","ping_status":"open","sticky":false,"template":"","format":"standard","meta":{"footnotes":""},"categories":[70],"tags":[],"class_list":["post-17418","post","type-post","status-publish","format-standard","hentry","category-diocese"],"_links":{"self":[{"href":"https:\/\/sites.ecclesia.pt\/cv\/wp-json\/wp\/v2\/posts\/17418","targetHints":{"allow":["GET"]}}],"collection":[{"href":"https:\/\/sites.ecclesia.pt\/cv\/wp-json\/wp\/v2\/posts"}],"about":[{"href":"https:\/\/sites.ecclesia.pt\/cv\/wp-json\/wp\/v2\/types\/post"}],"author":[{"embeddable":true,"href":"https:\/\/sites.ecclesia.pt\/cv\/wp-json\/wp\/v2\/users\/1"}],"replies":[{"embeddable":true,"href":"https:\/\/sites.ecclesia.pt\/cv\/wp-json\/wp\/v2\/comments?post=17418"}],"version-history":[{"count":0,"href":"https:\/\/sites.ecclesia.pt\/cv\/wp-json\/wp\/v2\/posts\/17418\/revisions"}],"wp:attachment":[{"href":"https:\/\/sites.ecclesia.pt\/cv\/wp-json\/wp\/v2\/media?parent=17418"}],"wp:term":[{"taxonomy":"category","embeddable":true,"href":"https:\/\/sites.ecclesia.pt\/cv\/wp-json\/wp\/v2\/categories?post=17418"},{"taxonomy":"post_tag","embeddable":true,"href":"https:\/\/sites.ecclesia.pt\/cv\/wp-json\/wp\/v2\/tags?post=17418"}],"curies":[{"name":"wp","href":"https:\/\/api.w.org\/{rel}","templated":true}]}}