{"id":175,"date":"2006-04-03T14:44:00","date_gmt":"2006-04-03T14:44:00","guid":{"rendered":"http:\/\/localhost:81\/wp1\/?p=175"},"modified":"2006-04-03T14:44:00","modified_gmt":"2006-04-03T14:44:00","slug":"pecados-sociais-nascem-no-coracao-da-pessoa","status":"publish","type":"post","link":"https:\/\/sites.ecclesia.pt\/cv\/pecados-sociais-nascem-no-coracao-da-pessoa\/","title":{"rendered":"Pecados sociais nascem no cora\u00e7\u00e3o da pessoa"},"content":{"rendered":"<p>Carta Pastoral da Confer\u00eancia Episcopal Portuguesa <!--more--> A Confer\u00eancia Episcopal Portuguesa (CEP) publicou uma Carta Pastoral, anunciada h\u00e1 meses, intitulada \u201cResponsabilidade solid\u00e1ria pelo bem comum\u201d. Trata-se de um documento em que denuncia os pecados sociais que caracterizam o nosso tempo e que t\u00eam a sua origem primeira \u201cno cora\u00e7\u00e3o da pessoa\u201d, sem deixar de afirmar que h\u00e1 em Portugal sinais de participa\u00e7\u00e3o solid\u00e1ria que importa implementar.<\/p>\n<p>O documento, no fundo, \u00e9 um expressivo e oportuno convite \u00e0 reflex\u00e3o, tendo por base os grandes princ\u00edpios da doutrina social da Igreja. Lembra aos cidad\u00e3os a neces-sidade de participarem na constru\u00e7\u00e3o do bem comum, o que exige uma nova responsabilidade moral na sociedade, uma confian\u00e7a solid\u00e1ria e uma esperan\u00e7a renovada no nosso Pa\u00eds.<\/p>\n<p>Os ego\u00edsmos individualistas, o consumismo, a corrup\u00e7\u00e3o, a desarmonia do sistema social, a irresponsabilidade na estrada, a exagerada comercializa\u00e7\u00e3o do fen\u00f3meno desportivo e a exclus\u00e3o social s\u00e3o os pecados sociais apontados pela CEP e que \u00e9 preciso combater, rumo a uma sociedade \u201cmais justa, mais fraterna e mais solid\u00e1ria\u201d. Nessa linha, \u201cinteressa ver a crise ou as crises com olhar confiante, discernir os problemas com an\u00e1lises respons\u00e1veis e assumir atitudes participativas e construtivas do bem comum\u201d.<\/p>\n<p>Mas se os pecados sociais s\u00e3o marcas indel\u00e9veis do nosso tempo, os bispos portugueses tamb\u00e9m reconhecem, nesta Carta Pastoral, sinais de participa\u00e7\u00e3o solid\u00e1ria, que convidam a alimentar a esperan\u00e7a como dinamismo gerador de uma nova atitude de empenhamento na comunidade. E deles destacam uma nova atitude perante os problemas sociais, expressa no discernimento cr\u00edtico, na den\u00fancia e na participa\u00e7\u00e3o nas solu\u00e7\u00f5es, na tomada de consci\u00eancia da sociedade como comunidade cultural e na promo\u00e7\u00e3o de todas as formas de educa\u00e7\u00e3o.<\/p>\n<p>Alargando horizontes, frisam o incremento de tantas formas de voluntariado, a responsabilidade participativa de todos no campo da sa\u00fade, da habita\u00e7\u00e3o, da escola, da comunica\u00e7\u00e3o social, do emprego, da economia, da pol\u00edtica e da justi\u00e7a, a busca de nova identidade portuguesa e a constru\u00e7\u00e3o de uma Europa baseada nos valores culturais e espirituais.<\/p>\n<p>Como prioridades pastorais, a CEP aponta metas que devem  alicer\u00e7ar-se na \u201cbusca de caminhos e condi\u00e7\u00f5es m\u00ednimas necess\u00e1rias para uma sociedade justa e pr\u00f3spera\u201d, onde o ser humano esteja sempre no centro; na defesa da vida, \u201cque \u00e9 um tesouro que \u00e9 preciso conservar e promover sem o desvirtuar\u201d; e na fam\u00edlia, \u201ca primeira e insubstitu\u00edvel escola de humaniza\u00e7\u00e3o e sociabilidade\u201d. <\/p>\n<p>Os nossos bispos salientam a import\u00e2ncia da paz, porque \u201ca guerra, ao trazer o sofrimento e a morte, \u00e9 sempre um atentado \u00e0 vida humana\u201d; da solidariedade, porque \u201c\u00e9 necess\u00e1rio alimentar a esperan\u00e7a, face a situa\u00e7\u00f5es de jovens sem trabalho. Recordam as pessoas com defici\u00eancia que est\u00e3o marginalizadas e os idosos  abandonados, mas   tamb\u00e9m os pa\u00edses prisioneiros da fome e da mis\u00e9ria. <\/p>\n<p>A identidade de Portugal, que \u00e9 fruto da \u201cousadia de um Povo que, n\u00e3o se deixando limitar \u00e0 sua pequenez geogr\u00e1fica, assumiu o primeiro grande projecto de universalidade, fazendo do di\u00e1logo e da conviv\u00eancia com os outros povos a verdadeira dimens\u00e3o da sua voca\u00e7\u00e3o e da sua grandeza\u201d, n\u00e3o foi ignorada neste documento da CEP.<\/p>\n<p>F.M.<\/p>\n<p>Dinamismos a renovar<\/p>\n<p>Da esperan\u00e7a contra os pessimismos; <\/p>\n<p>da confian\u00e7a contra os derrotismos; <\/p>\n<p>da participa\u00e7\u00e3o contra os passivismos; <\/p>\n<p>do empenhamento respons\u00e1vel no bem comum contra os ref\u00fagios nos individualismos;<\/p>\n<p>do di\u00e1logo na procura de solu\u00e7\u00f5es para os problemas da nossa sociedade contra confrontos est\u00e9reis sem perspectiva de futuro; <\/p>\n<p>da justi\u00e7a e da op\u00e7\u00e3o pelos pobres contra as desigualdades; <\/p>\n<p>do acolhimento dos estrangeiros e dos imigrantes contra as exclus\u00f5es; <\/p>\n<p>da promo\u00e7\u00e3o dos direitos humanos contra os atentados \u00e0 dignidade humana; <\/p>\n<p>da paz contra os terrorismos, conflitos e guerras; <\/p>\n<p>da democracia participativa contra as ditaduras; <\/p>\n<p>da reforma das leis e institui\u00e7\u00f5es p\u00fablicas contra as estagna\u00e7\u00f5es; <\/p>\n<p>do cuidado pelo ambiente contra os desastres ecol\u00f3gicos e comportamentos irrespons\u00e1veis; <\/p>\n<p>da cultura da vida contra as culturas de morte; <\/p>\n<p>da dignidade da vida contra as doen\u00e7as e destrui\u00e7\u00e3o do ser humano; <\/p>\n<p>da paz social contra os ambientes de crise; <\/p>\n<p>da solidariedade e da subsidiariedade contra os ego\u00edsmos e injusti\u00e7as.<\/p>\n","protected":false},"excerpt":{"rendered":"<p>Carta Pastoral da Confer\u00eancia Episcopal Portuguesa<\/p>\n","protected":false},"author":1,"featured_media":0,"comment_status":"open","ping_status":"open","sticky":false,"template":"","format":"standard","meta":{"footnotes":""},"categories":[38],"tags":[],"class_list":["post-175","post","type-post","status-publish","format-standard","hentry","category-destaque"],"_links":{"self":[{"href":"https:\/\/sites.ecclesia.pt\/cv\/wp-json\/wp\/v2\/posts\/175","targetHints":{"allow":["GET"]}}],"collection":[{"href":"https:\/\/sites.ecclesia.pt\/cv\/wp-json\/wp\/v2\/posts"}],"about":[{"href":"https:\/\/sites.ecclesia.pt\/cv\/wp-json\/wp\/v2\/types\/post"}],"author":[{"embeddable":true,"href":"https:\/\/sites.ecclesia.pt\/cv\/wp-json\/wp\/v2\/users\/1"}],"replies":[{"embeddable":true,"href":"https:\/\/sites.ecclesia.pt\/cv\/wp-json\/wp\/v2\/comments?post=175"}],"version-history":[{"count":0,"href":"https:\/\/sites.ecclesia.pt\/cv\/wp-json\/wp\/v2\/posts\/175\/revisions"}],"wp:attachment":[{"href":"https:\/\/sites.ecclesia.pt\/cv\/wp-json\/wp\/v2\/media?parent=175"}],"wp:term":[{"taxonomy":"category","embeddable":true,"href":"https:\/\/sites.ecclesia.pt\/cv\/wp-json\/wp\/v2\/categories?post=175"},{"taxonomy":"post_tag","embeddable":true,"href":"https:\/\/sites.ecclesia.pt\/cv\/wp-json\/wp\/v2\/tags?post=175"}],"curies":[{"name":"wp","href":"https:\/\/api.w.org\/{rel}","templated":true}]}}