{"id":17607,"date":"2011-06-22T10:01:00","date_gmt":"2011-06-22T10:01:00","guid":{"rendered":"http:\/\/localhost:81\/wp1\/?p=17607"},"modified":"2011-06-22T10:01:00","modified_gmt":"2011-06-22T10:01:00","slug":"esgueira-venceu-escoliadas-2011","status":"publish","type":"post","link":"https:\/\/sites.ecclesia.pt\/cv\/esgueira-venceu-escoliadas-2011\/","title":{"rendered":"Esgueira venceu Escol\u00edadas 2011"},"content":{"rendered":"<p>As Escol\u00edadas s\u00e3o um festival multitalentos (teatro, m\u00fasica, pintura, claque e cultura) para grupos de alunos do ensino secund\u00e1rio da regi\u00e3o centro. Ap\u00f3s sess\u00f5es regionais em que participaram 17 escolas, a final\u00edssima realizou-se no dia 3 de Junho, no Centro Cultural de \u00cdlhavo, premiando a Escola Secund\u00e1ria Jaime Magalh\u00e3es de Lima (Esgueira) com o primeiro lugar (219 pontos), seguindo-se a Escola Profissional de Agricultura e Desenvolvimento Rural de Vagos (289 pontos), o Col\u00e9gio de Albergaria-a-Velha (268 pontos) e a Escola Secund\u00e1ria D. Dinis, de Coimbra (268 pontos).<\/p>\n","protected":false},"excerpt":{"rendered":"<p>As Escol\u00edadas s\u00e3o um festival multitalentos (teatro, m\u00fasica, pintura, claque e cultura) para grupos de alunos do ensino secund\u00e1rio da regi\u00e3o centro. Ap\u00f3s sess\u00f5es regionais em que participaram 17 escolas, a final\u00edssima realizou-se no dia 3 de Junho, no Centro Cultural de \u00cdlhavo, premiando a Escola Secund\u00e1ria Jaime Magalh\u00e3es de Lima (Esgueira) com o primeiro [&hellip;]<\/p>\n","protected":false},"author":1,"featured_media":0,"comment_status":"open","ping_status":"open","sticky":false,"template":"","format":"standard","meta":{"footnotes":""},"categories":[51],"tags":[],"class_list":["post-17607","post","type-post","status-publish","format-standard","hentry","category-jovens"],"_links":{"self":[{"href":"https:\/\/sites.ecclesia.pt\/cv\/wp-json\/wp\/v2\/posts\/17607","targetHints":{"allow":["GET"]}}],"collection":[{"href":"https:\/\/sites.ecclesia.pt\/cv\/wp-json\/wp\/v2\/posts"}],"about":[{"href":"https:\/\/sites.ecclesia.pt\/cv\/wp-json\/wp\/v2\/types\/post"}],"author":[{"embeddable":true,"href":"https:\/\/sites.ecclesia.pt\/cv\/wp-json\/wp\/v2\/users\/1"}],"replies":[{"embeddable":true,"href":"https:\/\/sites.ecclesia.pt\/cv\/wp-json\/wp\/v2\/comments?post=17607"}],"version-history":[{"count":0,"href":"https:\/\/sites.ecclesia.pt\/cv\/wp-json\/wp\/v2\/posts\/17607\/revisions"}],"wp:attachment":[{"href":"https:\/\/sites.ecclesia.pt\/cv\/wp-json\/wp\/v2\/media?parent=17607"}],"wp:term":[{"taxonomy":"category","embeddable":true,"href":"https:\/\/sites.ecclesia.pt\/cv\/wp-json\/wp\/v2\/categories?post=17607"},{"taxonomy":"post_tag","embeddable":true,"href":"https:\/\/sites.ecclesia.pt\/cv\/wp-json\/wp\/v2\/tags?post=17607"}],"curies":[{"name":"wp","href":"https:\/\/api.w.org\/{rel}","templated":true}]}}