{"id":178,"date":"2006-04-03T14:44:00","date_gmt":"2006-04-03T14:44:00","guid":{"rendered":"http:\/\/localhost:81\/wp1\/?p=178"},"modified":"2006-04-03T14:44:00","modified_gmt":"2006-04-03T14:44:00","slug":"dia-europeu-sem-carros","status":"publish","type":"post","link":"https:\/\/sites.ecclesia.pt\/cv\/dia-europeu-sem-carros\/","title":{"rendered":"&#8220;Dia Europeu sem Carros&#8221;"},"content":{"rendered":"<p>Aveiro <!--more--> Como estava previsto e foi largamente anunciado, decorreu em Aveiro, como noutras cidades do Pa\u00eds, o \u201cDia Europeu sem Carros\u201d, que fechou, de certa forma, \u201cA Semana Europeia da Mobilidade\u201d.<\/p>\n<p>Num primeiro balan\u00e7o, Alberto Souto, presidente  da autarquia aveirense, adiantou \u00e0 comunica\u00e7\u00e3o social que tudo correu dentro da normalidade, tendo as pessoas aderido com entusiasmo e com naturalidade \u00e0 utiliza\u00e7\u00e3o de outras alternativas para chegarem aos seus empregos e escolas.<\/p>\n<p>N\u00e3o houve nenhum incidente, tudo decorreu tranquilamente, sendo certo que neste dia se respirou um ar menos polu\u00eddo. Ali\u00e1s, isso mesmo foi confirmado no primeiro ano do \u201cDia Europeu sem Carros\u201d, pelos testes que ent\u00e3o se fizeram.<\/p>\n<p>Admitindo acreditar que  Aveiro, por ser uma cidade aberta e cheia de vento, n\u00e3o teria polui\u00e7\u00e3o, Alberto Souto confirmou que afinal o ar n\u00e3o \u00e9 assim t\u00e3o puro e que a experi\u00eancia acabou por ter algum significado. \u201cSentimos o sil\u00eancio, a tranquilidade e a alegria dos mi\u00fados das escolas a usufru\u00edrem do espa\u00e7o p\u00fablico\u201d, disse o presidente da c\u00e2mara.<\/p>\n<p>N\u00e3o se pense, contudo, que a cidade, nas zonas dedicadas \u00e0 experi\u00eancia, esteve mesmo sem carros. Os transportes p\u00fablicos, que foram uma alternativa ao autom\u00f3vel, circularam continuamente, tal como os ve\u00edculos de deficientes e de servi\u00e7os urgentes. No entanto, o rep\u00f3rter n\u00e3o deixou de registar muito menos gente nas \u00e1reas abrangidas pelo \u201cDia Europeu sem Carros\u201d.<\/p>\n<p>Por outro lado, frisou que h\u00e1 cada vez mais compreens\u00e3o pelo conjunto de medidas que passam pela pedoniza\u00e7\u00e3o de espa\u00e7os anteriormente reservados aos autom\u00f3veis e pelo acolhimento de viaturas com outro tipo de energias, nomeadamente el\u00e9ctricas. \u201cOs CTT, por exempo, adoptaram em Aveiro os carros el\u00e9ctricos, tal como a c\u00e2mara tamb\u00e9m j\u00e1 o fez\u201d, representando estas iniciativas um certo \u00eaxito do \u201cDia Europeu sem Carros\u201d, afirmou Alberto Souto.<\/p>\n","protected":false},"excerpt":{"rendered":"<p>Aveiro<\/p>\n","protected":false},"author":1,"featured_media":0,"comment_status":"open","ping_status":"open","sticky":false,"template":"","format":"standard","meta":{"footnotes":""},"categories":[38],"tags":[],"class_list":["post-178","post","type-post","status-publish","format-standard","hentry","category-destaque"],"_links":{"self":[{"href":"https:\/\/sites.ecclesia.pt\/cv\/wp-json\/wp\/v2\/posts\/178","targetHints":{"allow":["GET"]}}],"collection":[{"href":"https:\/\/sites.ecclesia.pt\/cv\/wp-json\/wp\/v2\/posts"}],"about":[{"href":"https:\/\/sites.ecclesia.pt\/cv\/wp-json\/wp\/v2\/types\/post"}],"author":[{"embeddable":true,"href":"https:\/\/sites.ecclesia.pt\/cv\/wp-json\/wp\/v2\/users\/1"}],"replies":[{"embeddable":true,"href":"https:\/\/sites.ecclesia.pt\/cv\/wp-json\/wp\/v2\/comments?post=178"}],"version-history":[{"count":0,"href":"https:\/\/sites.ecclesia.pt\/cv\/wp-json\/wp\/v2\/posts\/178\/revisions"}],"wp:attachment":[{"href":"https:\/\/sites.ecclesia.pt\/cv\/wp-json\/wp\/v2\/media?parent=178"}],"wp:term":[{"taxonomy":"category","embeddable":true,"href":"https:\/\/sites.ecclesia.pt\/cv\/wp-json\/wp\/v2\/categories?post=178"},{"taxonomy":"post_tag","embeddable":true,"href":"https:\/\/sites.ecclesia.pt\/cv\/wp-json\/wp\/v2\/tags?post=178"}],"curies":[{"name":"wp","href":"https:\/\/api.w.org\/{rel}","templated":true}]}}