{"id":17815,"date":"2011-07-27T09:47:00","date_gmt":"2011-07-27T09:47:00","guid":{"rendered":"http:\/\/localhost:81\/wp1\/?p=17815"},"modified":"2011-07-27T09:47:00","modified_gmt":"2011-07-27T09:47:00","slug":"accoes-de-caracter-ambiental-na-praia-de-sao-jacinto","status":"publish","type":"post","link":"https:\/\/sites.ecclesia.pt\/cv\/accoes-de-caracter-ambiental-na-praia-de-sao-jacinto\/","title":{"rendered":"Ac\u00e7\u00f5es de car\u00e1cter ambiental na praia de S\u00e3o Jacinto"},"content":{"rendered":"<p>Breve <!--more--> No \u00e2mbito do Programa Bandeira Azul 2011, v\u00e3o decorrer v\u00e1rias ac\u00e7\u00f5es de car\u00e1cter ambiental na Praia de S\u00e3o Jacinto. Come\u00e7am no pr\u00f3ximo domingo, dia 31 de Julho, entre as 10h00 e as 13h00, numa organiza\u00e7\u00e3o da C\u00e2mara Municipal de Aveiro.<\/p>\n<p>Actividades como ateli\u00eas ecol\u00f3gicos e jogos did\u00e1cticos pretendem proporcionar momentos de divers\u00e3o e entretimento, podendo mesmo favorecer a competi\u00e7\u00e3o, e ao mesmo tempo introduzir conceitos b\u00e1sicos sobre a sustentabilidade e educa\u00e7\u00e3o ambiental. As ac\u00e7\u00f5es repetem-se nos dias 28 de Agosto e 11 de Setembro.<\/p>\n","protected":false},"excerpt":{"rendered":"<p>Breve<\/p>\n","protected":false},"author":1,"featured_media":0,"comment_status":"open","ping_status":"open","sticky":false,"template":"","format":"standard","meta":{"footnotes":""},"categories":[45],"tags":[],"class_list":["post-17815","post","type-post","status-publish","format-standard","hentry","category-regioes"],"_links":{"self":[{"href":"https:\/\/sites.ecclesia.pt\/cv\/wp-json\/wp\/v2\/posts\/17815","targetHints":{"allow":["GET"]}}],"collection":[{"href":"https:\/\/sites.ecclesia.pt\/cv\/wp-json\/wp\/v2\/posts"}],"about":[{"href":"https:\/\/sites.ecclesia.pt\/cv\/wp-json\/wp\/v2\/types\/post"}],"author":[{"embeddable":true,"href":"https:\/\/sites.ecclesia.pt\/cv\/wp-json\/wp\/v2\/users\/1"}],"replies":[{"embeddable":true,"href":"https:\/\/sites.ecclesia.pt\/cv\/wp-json\/wp\/v2\/comments?post=17815"}],"version-history":[{"count":0,"href":"https:\/\/sites.ecclesia.pt\/cv\/wp-json\/wp\/v2\/posts\/17815\/revisions"}],"wp:attachment":[{"href":"https:\/\/sites.ecclesia.pt\/cv\/wp-json\/wp\/v2\/media?parent=17815"}],"wp:term":[{"taxonomy":"category","embeddable":true,"href":"https:\/\/sites.ecclesia.pt\/cv\/wp-json\/wp\/v2\/categories?post=17815"},{"taxonomy":"post_tag","embeddable":true,"href":"https:\/\/sites.ecclesia.pt\/cv\/wp-json\/wp\/v2\/tags?post=17815"}],"curies":[{"name":"wp","href":"https:\/\/api.w.org\/{rel}","templated":true}]}}