{"id":179,"date":"2006-04-03T14:44:00","date_gmt":"2006-04-03T14:44:00","guid":{"rendered":"http:\/\/localhost:81\/wp1\/?p=179"},"modified":"2006-04-03T14:44:00","modified_gmt":"2006-04-03T14:44:00","slug":"o-vicentino-tem-de-ser-uma-pessoa-incomodada-e-incomoda","status":"publish","type":"post","link":"https:\/\/sites.ecclesia.pt\/cv\/o-vicentino-tem-de-ser-uma-pessoa-incomodada-e-incomoda\/","title":{"rendered":"&#8220;O vicentino tem de ser uma pessoa incomodada e inc\u00f3moda&#8221;"},"content":{"rendered":"<p>Ap\u00f3s 170 anos, que futuro para a Sociedade de S\u00e3o Vicente de Paulo? <!--more--> \u201cO vicentino tem de ser uma pessoa incomodada e inc\u00f3moda, na sua comunidade e junto dos poderes pol\u00edticos, porque a causa dos pobres n\u00e3o tem prazo e \u00e9 de todos os dias.\u201d Esta afirma\u00e7\u00e3o foi de D. Ant\u00f3nio Marcelino, na cerim\u00f3nia de abertura do semin\u00e1rio que decorreu no Centro Cultural e de Congressos, em Aveiro, no s\u00e1bado, com a participa\u00e7\u00e3o de  dezenas de vicentinos da nossa diocese. <\/p>\n<p>Organizado pelo Conselho Central de Aveiro da Sociedade de S\u00e3o Vicente de Paulo (SSVP), este encontro contou, ainda,  com a participa\u00e7\u00e3o do presidente nacional daquela organiza\u00e7\u00e3o de fi\u00e9is leigos, Manuel Torres da Silva;  do presidente da Seguran\u00e7a Social de Aveiro, Jorge Campino; do presidente do Banco Alimentar Contra a Fome, Martinho Pereira; e do presidente em exerc\u00edcio da C\u00e1ritas Diocesana, Carlos Maia.<\/p>\n<p>No semin\u00e1rio, foi escalpelizado o tema \u201cAp\u00f3s 170 anos, que futuro para a Sociedade de S\u00e3o Vivente de Paulo\u201d, sob diversas facetas, por Ant\u00f3nio Jos\u00e9 da Silva (Frederico Ozanam e a sua obra), Fernando Reis (A SSVP em Portugal e no mundo), Sampaio Ver\u00edssimo (A ac\u00e7\u00e3o das Confer\u00eancias no mundo de hoje e  a sua espiritualidade), e Ol\u00edvia Oliveira (O futuro da SSVP \u2013 renova\u00e7\u00e3o e recrutamento de vicentinos).<\/p>\n<p>Citando o \u00faltimo documento do Papa sobre a Igreja na Europa, o Bispo de Aveiro lembrou que \u201c\u00e9 preciso devolver a esperan\u00e7a aos pobres\u201d, amando-os e testemunhando-lhes que eles \u201cs\u00e3o particularmente amados por Deus\u201d e ajudando-os a valorizarem as suas pr\u00f3prias potencialidades. \u201cNingu\u00e9m pode delegar em ningu\u00e9m o amor aos mais necessitados\u201d, disse D. Ant\u00f3nio, que acrescentou: \u201co pobre \u00e9 uma pessoa que grita por justi\u00e7a, por amor e por solidariedade, e quem deixar de ouvir este grito est\u00e1 cada vez mais insens\u00edvel ao pr\u00f3prio Deus.\u201d<\/p>\n<p>Para Armando Rocha, o fundador das Confer\u00eancias Vicentinas, Frederico Ozanam, procurou, h\u00e1 170 anos, \u201cenvolver o mundo numa rede de caridade\u201d, havendo hoje mais de um milh\u00e3o de vicentinos atentos aos mais pobres, levando-lhes a palavra amiga \u201cque recordar\u00e3o no resto dos seus dias\u201d.<\/p>\n<p>Os vicentinos n\u00e3o esperam  o pobre atr\u00e1s de uma secret\u00e1ria, mas \u201ct\u00eam olhos para os ver, ouvidos para os ouvir e m\u00e3os para os ajudar\u201d, numa atitude de escutar \u201cos que vivem fora do calor humano\u201d, disse aquele dirigente.<\/p>\n<p>Jorge Campino, frisou que a estrutura que dirige se apoia em leis e normas e que os vicentinos se baseiam no amor e na dedica\u00e7\u00e3o. E n\u00e3o \u00e9 por acaso, sublinhou, que muitas vezes os seus servi\u00e7os  pedem o apoio das Confer\u00eancias, \u201cporque s\u00e3o elas que conhecem a pobreza envergonhada e os dramas humanos\u201d. Ainda  denunciou que nos tempos que correm \u201cse d\u00e1 mais valor ao amigo virtual da Internet do que ao amigo de carne e osso que vive a nosso lado\u201d.<\/p>\n<p>Por sua vez, Manuel Torres da Silva garantiu ao Correio do Vouga que h\u00e1 no nosso Pa\u00eds 11 mil vicentinos, com predomin\u00e2ncia de gente a partir dos 60 anos, mas que a organiza\u00e7\u00e3o que dirige vai apostar em cativar os que vivem com reformas antecipadas e que podem muito bem oferecer parte do seu tempo, para acompanhar os que se encontram em solid\u00e3o. Depois, ser\u00e1 feito um esfor\u00e7o no sentido de inte-grar os mais novos para que, com a experi\u00eancia dos mais velhos, venham a contribuir para o rejuvenescimento das Confer\u00eancias Vicentinas.<\/p>\n<p>F.M.<\/p>\n","protected":false},"excerpt":{"rendered":"<p>Ap\u00f3s 170 anos, que futuro para a Sociedade de S\u00e3o Vicente de Paulo?<\/p>\n","protected":false},"author":1,"featured_media":0,"comment_status":"open","ping_status":"open","sticky":false,"template":"","format":"standard","meta":{"footnotes":""},"categories":[64],"tags":[],"class_list":["post-179","post","type-post","status-publish","format-standard","hentry","category-geral"],"_links":{"self":[{"href":"https:\/\/sites.ecclesia.pt\/cv\/wp-json\/wp\/v2\/posts\/179","targetHints":{"allow":["GET"]}}],"collection":[{"href":"https:\/\/sites.ecclesia.pt\/cv\/wp-json\/wp\/v2\/posts"}],"about":[{"href":"https:\/\/sites.ecclesia.pt\/cv\/wp-json\/wp\/v2\/types\/post"}],"author":[{"embeddable":true,"href":"https:\/\/sites.ecclesia.pt\/cv\/wp-json\/wp\/v2\/users\/1"}],"replies":[{"embeddable":true,"href":"https:\/\/sites.ecclesia.pt\/cv\/wp-json\/wp\/v2\/comments?post=179"}],"version-history":[{"count":0,"href":"https:\/\/sites.ecclesia.pt\/cv\/wp-json\/wp\/v2\/posts\/179\/revisions"}],"wp:attachment":[{"href":"https:\/\/sites.ecclesia.pt\/cv\/wp-json\/wp\/v2\/media?parent=179"}],"wp:term":[{"taxonomy":"category","embeddable":true,"href":"https:\/\/sites.ecclesia.pt\/cv\/wp-json\/wp\/v2\/categories?post=179"},{"taxonomy":"post_tag","embeddable":true,"href":"https:\/\/sites.ecclesia.pt\/cv\/wp-json\/wp\/v2\/tags?post=179"}],"curies":[{"name":"wp","href":"https:\/\/api.w.org\/{rel}","templated":true}]}}