{"id":18,"date":"2006-04-03T14:44:00","date_gmt":"2006-04-03T14:44:00","guid":{"rendered":"http:\/\/localhost:81\/wp1\/?p=18"},"modified":"2006-04-03T14:44:00","modified_gmt":"2006-04-03T14:44:00","slug":"camara-de-aveiro-cede-predio-urbano-ao-cne","status":"publish","type":"post","link":"https:\/\/sites.ecclesia.pt\/cv\/camara-de-aveiro-cede-predio-urbano-ao-cne\/","title":{"rendered":"C\u00e2mara de Aveiro cede pr\u00e9dio urbano ao CNE"},"content":{"rendered":"<p>Penda nos 50 anos do escutismo na Regi\u00e3o <!--more--> Respondendo a uma solicita\u00e7\u00e3o de h\u00e1 v\u00e1rios anos dos escuteiros da Regi\u00e3o, a C\u00e2mara Municipal de Aveiro aprovou a ced\u00eancia de um pr\u00e9dio urbano ao CNE \u2014 Escutismo Cat\u00f3lico Portugu\u00eas, para nele ser implantada a Sede Regional.<\/p>\n<p>O acto p\u00fablico dessa entrega est\u00e1 marcado para o pr\u00f3ximo dia 18 de Outubro, \u00e0s 11horas,  no Anfiteatro do Departamento de Ambiente da Universidade de Aveiro, no decurso de uma sess\u00e3o solene para a qual est\u00e3o convidadas as autoridades civis e religiosas do distrito e concelho,  para al\u00e9m de uma repre-senta\u00e7\u00e3o de todos os Agrupamentos da Regi\u00e3o, que testemunhar\u00e3o a assinatura da escritura pelo presidente autarquia aveirense, Alberto Souto de Miranda, e pelo chefe regional, Norberto Correia.<\/p>\n<p>A nova sede regional \u00e9 uma bela \u201cprenda\u201d nos 50 anos da Regi\u00e3o do CNE em Aveiro e vem responder \u00e0 dimens\u00e3o e din\u00e2mica do Escutismo, permitindo apoiar mais eficazmente os Agrupamentos activos e em forma\u00e7\u00e3o, com a cria\u00e7\u00e3o de melhores condi\u00e7\u00f5es de rentabiliza\u00e7\u00e3o e dignifica\u00e7\u00e3o do trabalho e do tempo gratuitamente dedicado \u00e0 Associa\u00e7\u00e3o. O projecto da obra, da responsabilidade da equipa chefiada pelo arquitecto Prata, ser\u00e1 apresentado ao p\u00fablico nesta cerim\u00f3nia.<\/p>\n<p>O acto solene ser\u00e1 seguido de visita \u00e0 Esta\u00e7\u00e3o Nacional de R\u00e1dio e Internet da Fraternidade Nuno \u00c1lvares, antigos escuteiros do CNE, a funcionar durante esse fim-de-semana nas instala\u00e7\u00f5es do Centro Universit\u00e1rio F\u00e9 e Cultura e que se integra no Jamboree do Ar e da Internet, actividade escutista que movimenta, atrav\u00e9s destes meios de comunica\u00e7\u00e3o, escuteiros de todo o mundo.<\/p>\n<p>Desde h\u00e1 muitos anos que a Junta Regional de Aveiro funciona numas instala\u00e7\u00f5es prec\u00e1rias graciosamente cedidas pela diocese, mas sem condi\u00e7\u00f5es para responder aos desafios de futuro, que se colocam cada vez com mais prem\u00eancia a um Movimento que tem sido escola de educa\u00e7\u00e3o para muitos milhares de jovens desde que, em 1926, o Corpo Nacional de Escutas deu os primeiros passos em terras aveirenses.<\/p>\n<p>O CNE regista, actualmente, na Regi\u00e3o, 40 Agrupamentos activos, dois em processo de constitui\u00e7\u00e3o, integrando 3200 escuteiros  e 500 animadores adultos que desenvolvem as suas actividades baseadas na pedagogia activa de pequenos grupos aut\u00f3nomos que caracteriza o m\u00e9todo escutista, quase centen\u00e1rio, praticado em quase todos os pa\u00edses do mundo.<\/p>\n","protected":false},"excerpt":{"rendered":"<p>Penda nos 50 anos do escutismo na Regi\u00e3o<\/p>\n","protected":false},"author":1,"featured_media":0,"comment_status":"open","ping_status":"open","sticky":false,"template":"","format":"standard","meta":{"footnotes":""},"categories":[64],"tags":[],"class_list":["post-18","post","type-post","status-publish","format-standard","hentry","category-geral"],"_links":{"self":[{"href":"https:\/\/sites.ecclesia.pt\/cv\/wp-json\/wp\/v2\/posts\/18","targetHints":{"allow":["GET"]}}],"collection":[{"href":"https:\/\/sites.ecclesia.pt\/cv\/wp-json\/wp\/v2\/posts"}],"about":[{"href":"https:\/\/sites.ecclesia.pt\/cv\/wp-json\/wp\/v2\/types\/post"}],"author":[{"embeddable":true,"href":"https:\/\/sites.ecclesia.pt\/cv\/wp-json\/wp\/v2\/users\/1"}],"replies":[{"embeddable":true,"href":"https:\/\/sites.ecclesia.pt\/cv\/wp-json\/wp\/v2\/comments?post=18"}],"version-history":[{"count":0,"href":"https:\/\/sites.ecclesia.pt\/cv\/wp-json\/wp\/v2\/posts\/18\/revisions"}],"wp:attachment":[{"href":"https:\/\/sites.ecclesia.pt\/cv\/wp-json\/wp\/v2\/media?parent=18"}],"wp:term":[{"taxonomy":"category","embeddable":true,"href":"https:\/\/sites.ecclesia.pt\/cv\/wp-json\/wp\/v2\/categories?post=18"},{"taxonomy":"post_tag","embeddable":true,"href":"https:\/\/sites.ecclesia.pt\/cv\/wp-json\/wp\/v2\/tags?post=18"}],"curies":[{"name":"wp","href":"https:\/\/api.w.org\/{rel}","templated":true}]}}