{"id":180,"date":"2006-04-03T14:44:00","date_gmt":"2006-04-03T14:44:00","guid":{"rendered":"http:\/\/localhost:81\/wp1\/?p=180"},"modified":"2006-04-03T14:44:00","modified_gmt":"2006-04-03T14:44:00","slug":"quercus-chumba-marina-da-barra","status":"publish","type":"post","link":"https:\/\/sites.ecclesia.pt\/cv\/quercus-chumba-marina-da-barra\/","title":{"rendered":"QUERCUS chumba Marina da Barra"},"content":{"rendered":"<p>Na sequ\u00eancia do processo de consulta p\u00fablica do Estudo do Impacte Ambiental relativo \u00e0 Marina da Barra, a QUERCUS denuncia que este projecto introduzir\u00e1 impactes negativos muito significativos em toda a \u00e1rea e em v\u00e1rios secores, nomeadamente a n\u00edvel ambiental, social e de ordenamento do territ\u00f3rio.<\/p>\n<p>Aquela organiza\u00e7\u00e3o ambientalista alerta para o perigo da ocupa\u00e7\u00e3o irrevers\u00edvel do Dom\u00ednio P\u00fablico H\u00eddrico, para a destrui\u00e7\u00e3o permanente dos bancos de bivalves e para o aumento de press\u00e3o humana numa zona  que, por si s\u00f3, j\u00e1 possui um \u00edndice de ocupa\u00e7\u00e3o  muito elevado.<\/p>\n<p>Ainda lembra as complica\u00e7\u00f5es que n\u00e3o deixar\u00e3o de surgir a n\u00edvel da rede vi\u00e1ria, da qualidade do ar devido ao grande movimento de ve\u00edculos, ao aumento das dificuldades de evacua\u00e7\u00e3o em situa\u00e7\u00f5es de acidente e \u00e0 desvaloriza\u00e7\u00e3o do valor c\u00e9nico do canal de Mira, devido \u00e0 implanta\u00e7\u00e3o do novo aglomerado urbano com elevados \u00edndices de ocupa\u00e7\u00e3o e volumetria.<\/p>\n<p>Por outro lado, aquela associa\u00e7\u00e3o ambientalista sublinha os impactes negativos que transgridem a legisla\u00e7\u00e3o em vigor, tanto a n\u00edvel nacional como comunit\u00e1rio, sobretudo no que diz respeito \u00e0 destrui\u00e7\u00e3o permanente de Habitats naturais.<\/p>\n<p>A QUERCUS frisa que o projecto da Marina da Barra surge como pretexto para lotear a Ria de Aveiro e vend\u00ea-la aos interessados no lucro f\u00e1cil, \u00e0 custa do preju\u00edzo de muitos, denunciando as campanhas que est\u00e3o a ser desenvolvidas no sentido de que tudo venha a ser aprovado.<\/p>\n<p>Entretanto, o presidente da autarquia ilhavense, Ribau Esteves, n\u00e3o se cansa de afirmar que o projecto ter\u00e1 em conta todos os impactes negativos anunciados, garantindo que tudo estar\u00e1 salvaguardado. Adiantou mesmo ao Correio do Vouga que a Marina da Barra ir\u00e1 ser uma realidade, porque se trata de uma mais-valia para o concelho de \u00cdlhavo e at\u00e9 para a regi\u00e3o.<\/p>\n","protected":false},"excerpt":{"rendered":"<p>Na sequ\u00eancia do processo de consulta p\u00fablica do Estudo do Impacte Ambiental relativo \u00e0 Marina da Barra, a QUERCUS denuncia que este projecto introduzir\u00e1 impactes negativos muito significativos em toda a \u00e1rea e em v\u00e1rios secores, nomeadamente a n\u00edvel ambiental, social e de ordenamento do territ\u00f3rio. Aquela organiza\u00e7\u00e3o ambientalista alerta para o perigo da ocupa\u00e7\u00e3o [&hellip;]<\/p>\n","protected":false},"author":1,"featured_media":0,"comment_status":"open","ping_status":"open","sticky":false,"template":"","format":"standard","meta":{"footnotes":""},"categories":[64],"tags":[],"class_list":["post-180","post","type-post","status-publish","format-standard","hentry","category-geral"],"_links":{"self":[{"href":"https:\/\/sites.ecclesia.pt\/cv\/wp-json\/wp\/v2\/posts\/180","targetHints":{"allow":["GET"]}}],"collection":[{"href":"https:\/\/sites.ecclesia.pt\/cv\/wp-json\/wp\/v2\/posts"}],"about":[{"href":"https:\/\/sites.ecclesia.pt\/cv\/wp-json\/wp\/v2\/types\/post"}],"author":[{"embeddable":true,"href":"https:\/\/sites.ecclesia.pt\/cv\/wp-json\/wp\/v2\/users\/1"}],"replies":[{"embeddable":true,"href":"https:\/\/sites.ecclesia.pt\/cv\/wp-json\/wp\/v2\/comments?post=180"}],"version-history":[{"count":0,"href":"https:\/\/sites.ecclesia.pt\/cv\/wp-json\/wp\/v2\/posts\/180\/revisions"}],"wp:attachment":[{"href":"https:\/\/sites.ecclesia.pt\/cv\/wp-json\/wp\/v2\/media?parent=180"}],"wp:term":[{"taxonomy":"category","embeddable":true,"href":"https:\/\/sites.ecclesia.pt\/cv\/wp-json\/wp\/v2\/categories?post=180"},{"taxonomy":"post_tag","embeddable":true,"href":"https:\/\/sites.ecclesia.pt\/cv\/wp-json\/wp\/v2\/tags?post=180"}],"curies":[{"name":"wp","href":"https:\/\/api.w.org\/{rel}","templated":true}]}}