{"id":181,"date":"2006-04-03T14:44:00","date_gmt":"2006-04-03T14:44:00","guid":{"rendered":"http:\/\/localhost:81\/wp1\/?p=181"},"modified":"2006-04-03T14:44:00","modified_gmt":"2006-04-03T14:44:00","slug":"agora-de-jovens","status":"publish","type":"post","link":"https:\/\/sites.ecclesia.pt\/cv\/agora-de-jovens\/","title":{"rendered":"\u00c1gora de Jovens"},"content":{"rendered":"<p>Em Loreto, It\u00e1lia <!--more--> Tal como foi anunciado nas \u00faltimas edi\u00e7\u00f5es do Linhas Directas, realizou-se em Loreto, It\u00e1lia, entre os dias 8 e 13 de Setembro, a segunda edi\u00e7\u00e3o do \u00c1gora dos Jovens do Mediterr\u00e2neo, com o tema \u201cBem Aventurados os tristes, pois Deus os consolar\u00e1\u201d. <\/p>\n<p>A palavra \u00c1gora, de raiz grega, \u00e9 semelhante \u00e0 latina, F\u00f3rum, que significa lugar de encontro ou simplesmente &#8216;pra\u00e7a p\u00fablica&#8217;.<\/p>\n<p>E foi assim, em encontro, que este ano, estiveram presentes cerca de 100 jovens delegados provenientes de pa\u00edses com um denominador comum: o Mar Mediterr\u00e2neo \u2013 L\u00edbano, Jord\u00e2nia, Espanha, It\u00e1lia, Chipre, S\u00edria, Gr\u00e9cia, Malta, S\u00e9rvia, B\u00f3snia, Montenegro, Fran\u00e7a, Cro\u00e1cia, Egipto, Portugal, L\u00edbia, Alb\u00e2nia, Israel, Palestina, Turquia, Kosovo, \u00a0Eslov\u00e9nia e Maced\u00f3nia.<\/p>\n<p>Em representa\u00e7\u00e3o da Confer\u00eancia Episcopal Portuguesa estiveram presentes 6 jovens, que viveram esta experi\u00eancia de uma forma intensa e de certeza com muito para contar e testemunhar perante todos.<\/p>\n<p>Marcantes foram v\u00e1rios testemunhos, nomeadamente o de Haneen Khader uma jovem palestiniana que, para estar presente neste encontro, esteve 2 dias sem comer nem beber, pois o ex\u00e9rcito israelita n\u00e3o a deixou deslocar-se ao aeroporto de Tel Aviv, onde reside, obrigando-a a fugir, com o apoio de alguns civis, para Am\u00e3, na Jord\u00e2nia, onde ent\u00e3o apanhou o voo que a levou a Roma. <\/p>\n<p>J\u00e1 relativamente ao tema de reflex\u00e3o, intervieram v\u00e1rias personalidades, nomeadamente Camille Eid, um jornalista liban\u00eas, radicado em It\u00e1lia e especialista em quest\u00f5es do M\u00e9dio Oriente que apresentou as \u201cFeridas do Mediterr\u00e2neo\u201d. <\/p>\n<p>No dia seguinte, dia 10, o Cardeal italiano Ersilio Tonini, um \u201cjovem\u201d de 90 anos, mostrou-nos que a esperan\u00e7a \u00e9 e tem de ser uma palavra de uso corrente na nossa vida. Mesmo falando de v\u00e1rios problemas que afectam o mundo, nomeadamente a \u00c1frica, Tonini, mostrou que com empenho, confian\u00e7a, humildade e f\u00e9, \u00e9 poss\u00edvel um mundo muito mais fraterno.<\/p>\n<p>No dia 11, foi orador o presidente da c\u00e2mara de G\u00e9nova, M\u00e1rio Primicerio que falou da coabita\u00e7\u00e3o europeia e da nova Constitui\u00e7\u00e3o.<\/p>\n<p>Durante estes dias, C\u00e1rmen Apar\u00edcio coordenou v\u00e1rias reflex\u00f5es b\u00edblicas, ao jeito de catequese, mas sempre de acordo com os temas em debate.<\/p>\n<p>Dia 12, foi dia de \u201cexcurs\u00e3o\u201d onde os delegados visitaram a cidade de Ancona, sendo recebidos em audi\u00eancia na C\u00e2mara Municipal, pelo seu presidente.<\/p>\n<p>O \u00faltimo dia foi de balan\u00e7o, onde Paolo Giuliette, director nacional da Pastoral Juvenil apresentou algumas conclus\u00f5es e referiu o apoio dado pelos Departamentos Nacionais de Pastoral Juvenil de Portugal e Espanha.<\/p>\n<p>O fim do encontro foi anunciado por \u00c2ngelo Comastri, Delegado Pontif\u00edcio para a Santa Casa de Loreto.<\/p>\n<p>Da parte da tarde e em conjunto com v\u00e1rias dezenas de jovens italianos, celebrou-se mais um EurHope na Santa Casa de Loreto, que come\u00e7ou com um musical sobre a vida de Madre Teresa de Calcut\u00e1, continuando com o testemunho marcante de Edit Stein, \u00faltima sobrevivente do Campo de Aushwitz e encerrando com uma vig\u00edlia que terminou j\u00e1 com o nascer do dia\u2026<\/p>\n<p>A evolu\u00e7\u00e3o deste \u00c1gora foi tamb\u00e9m tendo em conta os tr\u00eas sacramentos da inicia\u00e7\u00e3o: Baptismo, Crisma e Eucaristia.<\/p>\n<p>Para a celebra\u00e7\u00e3o do primeiro foi \u201cconvidada\u201d a pequena Chiara, uma beb\u00e9 italiana, que os pais quiseram baptizar neste encontro tendo os jovens jordanos contribu\u00eddo com \u00e1gua do Rio Jord\u00e3o.<\/p>\n<p>O crisma foi uma celebra\u00e7\u00e3o tamb\u00e9m cheia de significado, onde todos os participantes foram ungidos com o \u00f3leo do crisma.<\/p>\n<p>A Eucaristia foi vivida de forma intensa e harmoniosa, num daqueles momentos especiais, onde tudo \u00e9 esquecido e de facto a presen\u00e7a de Jesus Cristo \u00e9 efectiva.<\/p>\n<p>Para finalizar, de referir as tr\u00eas cartas que foram escritas pelos delegados: uma para a Comunidade Europeia, outra para os Bispos dos pa\u00edses participantes e uma outra para o Santo Padre, Jo\u00e3o Paulo II, que falam das preocupa\u00e7\u00f5es, desafios, que como jovens todos temos nesta comunidade cada vez mais global e globalizante.<\/p>\n<p>Pedro Martins<\/p>\n","protected":false},"excerpt":{"rendered":"<p>Em Loreto, It\u00e1lia<\/p>\n","protected":false},"author":1,"featured_media":0,"comment_status":"open","ping_status":"open","sticky":false,"template":"","format":"standard","meta":{"footnotes":""},"categories":[65],"tags":[],"class_list":["post-181","post","type-post","status-publish","format-standard","hentry","category-linhas-directas"],"_links":{"self":[{"href":"https:\/\/sites.ecclesia.pt\/cv\/wp-json\/wp\/v2\/posts\/181","targetHints":{"allow":["GET"]}}],"collection":[{"href":"https:\/\/sites.ecclesia.pt\/cv\/wp-json\/wp\/v2\/posts"}],"about":[{"href":"https:\/\/sites.ecclesia.pt\/cv\/wp-json\/wp\/v2\/types\/post"}],"author":[{"embeddable":true,"href":"https:\/\/sites.ecclesia.pt\/cv\/wp-json\/wp\/v2\/users\/1"}],"replies":[{"embeddable":true,"href":"https:\/\/sites.ecclesia.pt\/cv\/wp-json\/wp\/v2\/comments?post=181"}],"version-history":[{"count":0,"href":"https:\/\/sites.ecclesia.pt\/cv\/wp-json\/wp\/v2\/posts\/181\/revisions"}],"wp:attachment":[{"href":"https:\/\/sites.ecclesia.pt\/cv\/wp-json\/wp\/v2\/media?parent=181"}],"wp:term":[{"taxonomy":"category","embeddable":true,"href":"https:\/\/sites.ecclesia.pt\/cv\/wp-json\/wp\/v2\/categories?post=181"},{"taxonomy":"post_tag","embeddable":true,"href":"https:\/\/sites.ecclesia.pt\/cv\/wp-json\/wp\/v2\/tags?post=181"}],"curies":[{"name":"wp","href":"https:\/\/api.w.org\/{rel}","templated":true}]}}