{"id":183,"date":"2006-04-03T14:44:00","date_gmt":"2006-04-03T14:44:00","guid":{"rendered":"http:\/\/localhost:81\/wp1\/?p=183"},"modified":"2006-04-03T14:44:00","modified_gmt":"2006-04-03T14:44:00","slug":"dicitvr","status":"publish","type":"post","link":"https:\/\/sites.ecclesia.pt\/cv\/dicitvr\/","title":{"rendered":"DICITVR"},"content":{"rendered":"<p>\u201cFace ao n\u00famero gritante de mortos e feridos provocados pelos acidentes na estrada, 90% dos quais s\u00e3o devidos ao factor humano, queremos falar claramente sobre o drama dos sofrimentos por eles causados, apelando \u00e0 responsabilidade de todos na melhoria desta \u00e1rea do bem comum. Em todo o mundo, no s\u00e9culo XX morreram 35 milh\u00f5es de pessoas e um bili\u00e3o e meio de pessoas foram feridas em acidentes rodovi\u00e1rios.\u201d<\/p>\n<p>CEP, Responsabilidade <\/p>\n<p>solid\u00e1ria pelo bem comum, 21<\/p>\n","protected":false},"excerpt":{"rendered":"<p>\u201cFace ao n\u00famero gritante de mortos e feridos provocados pelos acidentes na estrada, 90% dos quais s\u00e3o devidos ao factor humano, queremos falar claramente sobre o drama dos sofrimentos por eles causados, apelando \u00e0 responsabilidade de todos na melhoria desta \u00e1rea do bem comum. Em todo o mundo, no s\u00e9culo XX morreram 35 milh\u00f5es de [&hellip;]<\/p>\n","protected":false},"author":1,"featured_media":0,"comment_status":"open","ping_status":"open","sticky":false,"template":"","format":"standard","meta":{"footnotes":""},"categories":[65],"tags":[],"class_list":["post-183","post","type-post","status-publish","format-standard","hentry","category-linhas-directas"],"_links":{"self":[{"href":"https:\/\/sites.ecclesia.pt\/cv\/wp-json\/wp\/v2\/posts\/183","targetHints":{"allow":["GET"]}}],"collection":[{"href":"https:\/\/sites.ecclesia.pt\/cv\/wp-json\/wp\/v2\/posts"}],"about":[{"href":"https:\/\/sites.ecclesia.pt\/cv\/wp-json\/wp\/v2\/types\/post"}],"author":[{"embeddable":true,"href":"https:\/\/sites.ecclesia.pt\/cv\/wp-json\/wp\/v2\/users\/1"}],"replies":[{"embeddable":true,"href":"https:\/\/sites.ecclesia.pt\/cv\/wp-json\/wp\/v2\/comments?post=183"}],"version-history":[{"count":0,"href":"https:\/\/sites.ecclesia.pt\/cv\/wp-json\/wp\/v2\/posts\/183\/revisions"}],"wp:attachment":[{"href":"https:\/\/sites.ecclesia.pt\/cv\/wp-json\/wp\/v2\/media?parent=183"}],"wp:term":[{"taxonomy":"category","embeddable":true,"href":"https:\/\/sites.ecclesia.pt\/cv\/wp-json\/wp\/v2\/categories?post=183"},{"taxonomy":"post_tag","embeddable":true,"href":"https:\/\/sites.ecclesia.pt\/cv\/wp-json\/wp\/v2\/tags?post=183"}],"curies":[{"name":"wp","href":"https:\/\/api.w.org\/{rel}","templated":true}]}}