{"id":18344,"date":"2011-10-26T09:57:00","date_gmt":"2011-10-26T09:57:00","guid":{"rendered":"http:\/\/localhost:81\/wp1\/?p=18344"},"modified":"2011-10-26T09:57:00","modified_gmt":"2011-10-26T09:57:00","slug":"danca-se-o-fado-no-aveirense","status":"publish","type":"post","link":"https:\/\/sites.ecclesia.pt\/cv\/danca-se-o-fado-no-aveirense\/","title":{"rendered":"Dan\u00e7a-se o fado no Aveirense"},"content":{"rendered":"<p>Fado \u00e9 a mais representativa forma de express\u00e3o musical da cultura tradicional portuguesa. Numa multiplicidade de movimentos, sons, sensa\u00e7\u00f5es e sentimentos, os bailarinos do Qu\u00f3rum Ballet transmitem com a sua arte extrema beleza, inexced\u00edvel sensibilidade e aparente facilidade, tudo o que os sentidos percebem e o cora\u00e7\u00e3o apreende. Desmistifica-se a conota\u00e7\u00e3o saudosista e melanc\u00f3lica que o fado, a banda sonora deste s\u00e9culo, carrega consigo. Direc\u00e7\u00e3o art\u00edstica e coreografia de Daniel Cardoso. Com os bailarinos Daniel Cardoso, Elson Ferreira, Filipe Narciso, Gon\u00e7alo Andrade, In\u00eas Godinho, In\u00eas Pedruco, Mathilde Gilhet e Theresa da Silva C.<\/p>\n<p>Dan\u00e7a: \u201cCorrer o Fado\u201d, pelo Qu\u00f3rum Ballet, dia 29 de Outubro, no Teatro Aveirense, \u00e0s 21h30. Bilhetes de 8 a 12 euros. Na v\u00e9spera, pelas 19h, Daniel Cardoso orienta uma master class.<\/p>\n","protected":false},"excerpt":{"rendered":"<p>Fado \u00e9 a mais representativa forma de express\u00e3o musical da cultura tradicional portuguesa. Numa multiplicidade de movimentos, sons, sensa\u00e7\u00f5es e sentimentos, os bailarinos do Qu\u00f3rum Ballet transmitem com a sua arte extrema beleza, inexced\u00edvel sensibilidade e aparente facilidade, tudo o que os sentidos percebem e o cora\u00e7\u00e3o apreende. Desmistifica-se a conota\u00e7\u00e3o saudosista e melanc\u00f3lica que [&hellip;]<\/p>\n","protected":false},"author":1,"featured_media":0,"comment_status":"open","ping_status":"open","sticky":false,"template":"","format":"standard","meta":{"footnotes":""},"categories":[67],"tags":[],"class_list":["post-18344","post","type-post","status-publish","format-standard","hentry","category-ver-ouvir-sair"],"_links":{"self":[{"href":"https:\/\/sites.ecclesia.pt\/cv\/wp-json\/wp\/v2\/posts\/18344","targetHints":{"allow":["GET"]}}],"collection":[{"href":"https:\/\/sites.ecclesia.pt\/cv\/wp-json\/wp\/v2\/posts"}],"about":[{"href":"https:\/\/sites.ecclesia.pt\/cv\/wp-json\/wp\/v2\/types\/post"}],"author":[{"embeddable":true,"href":"https:\/\/sites.ecclesia.pt\/cv\/wp-json\/wp\/v2\/users\/1"}],"replies":[{"embeddable":true,"href":"https:\/\/sites.ecclesia.pt\/cv\/wp-json\/wp\/v2\/comments?post=18344"}],"version-history":[{"count":0,"href":"https:\/\/sites.ecclesia.pt\/cv\/wp-json\/wp\/v2\/posts\/18344\/revisions"}],"wp:attachment":[{"href":"https:\/\/sites.ecclesia.pt\/cv\/wp-json\/wp\/v2\/media?parent=18344"}],"wp:term":[{"taxonomy":"category","embeddable":true,"href":"https:\/\/sites.ecclesia.pt\/cv\/wp-json\/wp\/v2\/categories?post=18344"},{"taxonomy":"post_tag","embeddable":true,"href":"https:\/\/sites.ecclesia.pt\/cv\/wp-json\/wp\/v2\/tags?post=18344"}],"curies":[{"name":"wp","href":"https:\/\/api.w.org\/{rel}","templated":true}]}}