{"id":184,"date":"2006-04-03T14:44:00","date_gmt":"2006-04-03T14:44:00","guid":{"rendered":"http:\/\/localhost:81\/wp1\/?p=184"},"modified":"2006-04-03T14:44:00","modified_gmt":"2006-04-03T14:44:00","slug":"santa-joana-venerada-em-salselas","status":"publish","type":"post","link":"https:\/\/sites.ecclesia.pt\/cv\/santa-joana-venerada-em-salselas\/","title":{"rendered":"Santa Joana venerada em Salselas"},"content":{"rendered":"<p>No domingo, 14 de Setembro, o povo de Salselas, Tr\u00e1s-os-Montes, prestou homenagem \u00e0 sua Padroeira, a nossa Santa Joana. E como n\u00e3o podia deixar de ser, a Irmandade de Santa Joana Princesa fez-se representar nos festejos, participando na Eucaristia e na prociss\u00e3o, \u00e0 semelhan\u00e7a do que tem acontecido nos \u00faltimos anos.<\/p>\n<p>O provedor, Eng. Manuel B\u00f3ia, dois Irm\u00e3os, duas Irm\u00e3s e uma A\u00e7afata apresentaram-se vestidos a rigor, como \u00e9 timbre desta Irmandade, contribuindo, com a sua presen\u00e7a, para estimular o culto \u00e0 Padroeira da Cidade e da Diocese de Aveiro em terras transmontanas.<\/p>\n<p>No fundo, como salientou Manuel B\u00f3ia ao Correio do Vouga, esta liga\u00e7\u00e3o a Salselas mais n\u00e3o \u00e9 do que uma gemina\u00e7\u00e3o espiritual, mesmo sem pap\u00e9is que legitimem esta realidade. <\/p>\n<p>O culto a Santa Joana foi para aquela freguesia em 1847, pela devo\u00e7\u00e3o de D. Maria Delfina de Miranda, filha do Tenente-Coronel Miranda, que viveu em Aveiro, no cumprimento das suas obriga\u00e7\u00f5es militares. <\/p>\n<p>Nessa altura, a beatifica\u00e7\u00e3o de Santa Joana deve t\u00ea-la marcada indelevelmente, levando-a a nunca mais deixar de a venerar e a difundir, entre os seus conterr\u00e2neos, o culto  pela filha de D. Afonso V.<\/p>\n<p>Diz a tradi\u00e7\u00e3o que o povo de Salselas tem tal devo\u00e7\u00e3o pela sua Padroeira, que at\u00e9 acredita que a trovoada n\u00e3o faz estragos na regi\u00e3o. Um idoso nonagen\u00e1rio afirmou mes-mo ao provedor da Irmandade que, ao adivinhar-se a tempestade, h\u00e1 o h\u00e1bito de abrir a porta da Igreja, para que Santa Joana os proteja, o que, de facto, tem acontecido, h\u00e1 mais de 200 anos.<\/p>\n","protected":false},"excerpt":{"rendered":"<p>No domingo, 14 de Setembro, o povo de Salselas, Tr\u00e1s-os-Montes, prestou homenagem \u00e0 sua Padroeira, a nossa Santa Joana. E como n\u00e3o podia deixar de ser, a Irmandade de Santa Joana Princesa fez-se representar nos festejos, participando na Eucaristia e na prociss\u00e3o, \u00e0 semelhan\u00e7a do que tem acontecido nos \u00faltimos anos. O provedor, Eng. Manuel [&hellip;]<\/p>\n","protected":false},"author":1,"featured_media":0,"comment_status":"open","ping_status":"open","sticky":false,"template":"","format":"standard","meta":{"footnotes":""},"categories":[45],"tags":[],"class_list":["post-184","post","type-post","status-publish","format-standard","hentry","category-regioes"],"_links":{"self":[{"href":"https:\/\/sites.ecclesia.pt\/cv\/wp-json\/wp\/v2\/posts\/184","targetHints":{"allow":["GET"]}}],"collection":[{"href":"https:\/\/sites.ecclesia.pt\/cv\/wp-json\/wp\/v2\/posts"}],"about":[{"href":"https:\/\/sites.ecclesia.pt\/cv\/wp-json\/wp\/v2\/types\/post"}],"author":[{"embeddable":true,"href":"https:\/\/sites.ecclesia.pt\/cv\/wp-json\/wp\/v2\/users\/1"}],"replies":[{"embeddable":true,"href":"https:\/\/sites.ecclesia.pt\/cv\/wp-json\/wp\/v2\/comments?post=184"}],"version-history":[{"count":0,"href":"https:\/\/sites.ecclesia.pt\/cv\/wp-json\/wp\/v2\/posts\/184\/revisions"}],"wp:attachment":[{"href":"https:\/\/sites.ecclesia.pt\/cv\/wp-json\/wp\/v2\/media?parent=184"}],"wp:term":[{"taxonomy":"category","embeddable":true,"href":"https:\/\/sites.ecclesia.pt\/cv\/wp-json\/wp\/v2\/categories?post=184"},{"taxonomy":"post_tag","embeddable":true,"href":"https:\/\/sites.ecclesia.pt\/cv\/wp-json\/wp\/v2\/tags?post=184"}],"curies":[{"name":"wp","href":"https:\/\/api.w.org\/{rel}","templated":true}]}}