{"id":185,"date":"2006-04-03T14:44:00","date_gmt":"2006-04-03T14:44:00","guid":{"rendered":"http:\/\/localhost:81\/wp1\/?p=185"},"modified":"2006-04-03T14:44:00","modified_gmt":"2006-04-03T14:44:00","slug":"regioes-breves-6","status":"publish","type":"post","link":"https:\/\/sites.ecclesia.pt\/cv\/regioes-breves-6\/","title":{"rendered":"Regi\u00f5es Breves"},"content":{"rendered":"<p>Gafanha da Nazar\u00e9<\/p>\n<p>Quartel da GNR<\/p>\n<p>Tudo se conjuga para que a Gafanha da Nazar\u00e9 possa ter, num futuro pr\u00f3ximo, um novo Quartel da GNR. Todos os terrenos necess\u00e1rios j\u00e1 foram disponibilizados pela C\u00e2mara Municipal de \u00cdlhavo, aguardando-se agora que o Minist\u00e9rio da Administra\u00e7\u00e3o Interna lance o concurso p\u00fablico para a constru\u00e7\u00e3o do quartel, j\u00e1 no m\u00eas de Novembro.<\/p>\n<p>\u00c1gueda<\/p>\n<p>Exporegi\u00f5es<\/p>\n<p>De 1 a 5 de Outubro, vai realizar-se, na Expo-\u00c1gueda, a 10\u00aa edi\u00e7\u00e3o da Exporegi\u00f5es. Trata-se de um certame que inclui um vasto e atraente programa cultural, a que se associa a j\u00e1 tradicio-nal componente gastron\u00f3mica. Esta \u00e9 mais uma organiza\u00e7\u00e3o da Associa\u00e7\u00e3o Industrial de \u00c1gueda, que conta com  a participa\u00e7\u00e3o de cerca de 130 expositores.<\/p>\n<p>\u00cdlhavo<\/p>\n<p>Ana Paula Vizinho<\/p>\n<p>O Clube de Vela da Costa Nova vai homenagear, com um jantar, no pr\u00f3ximo dia 26, a ilhavense  Ana Paula Vizinho, pela sua viagem \u00e0 Ant\u00e1rctida. Nesse momento, aquele Clube vai distingui-la com a promo\u00e7\u00e3o a S\u00f3cia de M\u00e9rito. Depois do jantar ser\u00e3o projectados diapositivos, hist\u00f3ricos, de grande import\u00e2ncia  para quem se interessa pelo mundo n\u00e1utico. <\/p>\n","protected":false},"excerpt":{"rendered":"<p>Gafanha da Nazar\u00e9 Quartel da GNR Tudo se conjuga para que a Gafanha da Nazar\u00e9 possa ter, num futuro pr\u00f3ximo, um novo Quartel da GNR. Todos os terrenos necess\u00e1rios j\u00e1 foram disponibilizados pela C\u00e2mara Municipal de \u00cdlhavo, aguardando-se agora que o Minist\u00e9rio da Administra\u00e7\u00e3o Interna lance o concurso p\u00fablico para a constru\u00e7\u00e3o do quartel, j\u00e1 [&hellip;]<\/p>\n","protected":false},"author":1,"featured_media":0,"comment_status":"open","ping_status":"open","sticky":false,"template":"","format":"standard","meta":{"footnotes":""},"categories":[45],"tags":[],"class_list":["post-185","post","type-post","status-publish","format-standard","hentry","category-regioes"],"_links":{"self":[{"href":"https:\/\/sites.ecclesia.pt\/cv\/wp-json\/wp\/v2\/posts\/185","targetHints":{"allow":["GET"]}}],"collection":[{"href":"https:\/\/sites.ecclesia.pt\/cv\/wp-json\/wp\/v2\/posts"}],"about":[{"href":"https:\/\/sites.ecclesia.pt\/cv\/wp-json\/wp\/v2\/types\/post"}],"author":[{"embeddable":true,"href":"https:\/\/sites.ecclesia.pt\/cv\/wp-json\/wp\/v2\/users\/1"}],"replies":[{"embeddable":true,"href":"https:\/\/sites.ecclesia.pt\/cv\/wp-json\/wp\/v2\/comments?post=185"}],"version-history":[{"count":0,"href":"https:\/\/sites.ecclesia.pt\/cv\/wp-json\/wp\/v2\/posts\/185\/revisions"}],"wp:attachment":[{"href":"https:\/\/sites.ecclesia.pt\/cv\/wp-json\/wp\/v2\/media?parent=185"}],"wp:term":[{"taxonomy":"category","embeddable":true,"href":"https:\/\/sites.ecclesia.pt\/cv\/wp-json\/wp\/v2\/categories?post=185"},{"taxonomy":"post_tag","embeddable":true,"href":"https:\/\/sites.ecclesia.pt\/cv\/wp-json\/wp\/v2\/tags?post=185"}],"curies":[{"name":"wp","href":"https:\/\/api.w.org\/{rel}","templated":true}]}}