{"id":187,"date":"2006-04-03T14:44:00","date_gmt":"2006-04-03T14:44:00","guid":{"rendered":"http:\/\/localhost:81\/wp1\/?p=187"},"modified":"2006-04-03T14:44:00","modified_gmt":"2006-04-03T14:44:00","slug":"procissao-pela-ria-garante-tradicao","status":"publish","type":"post","link":"https:\/\/sites.ecclesia.pt\/cv\/procissao-pela-ria-garante-tradicao\/","title":{"rendered":"Prociss\u00e3o pela Ria garante tradi\u00e7\u00e3o"},"content":{"rendered":"<p>Festas em honra de Nossa Senhora dos Navegantes <!--more--> As festas em honra de Nossa Senhora dos Navegantes voltaram a animar a Ria, no domingo, com a prociss\u00e3o que proporcionou a muita gente ribeirinha um passeio de vistas diferentes, certamente em esp\u00edrito de f\u00e9. <\/p>\n<p>Por iniciativa do Grupo Etnogr\u00e1fico da Gafanha da Nazar\u00e9, que h\u00e1 cinco anos fez reviver esta tradi\u00e7\u00e3o h\u00e1 duas d\u00e9cadas esquecida, Nossa Senhora dos Navegantes, que se venera no Forte da Barra, presidiu, mais uma vez, a uma festa que contou com a participa\u00e7\u00e3o de muita gente. Centenas de pessoas encheram barcos e barquinhos, todos engalanados, que se incorporaram na prociss\u00e3o, enquanto  outras tantas se ficaram pelas margens a apreciar.<\/p>\n<p>Para Braga da Cruz, presidente do Conselho de Administra\u00e7\u00e3o da APA (Administra\u00e7\u00e3o do Porto de Aveiro), a devo\u00e7\u00e3o \u00e0 Senhora dos Navegantes \u00e9 muito profunda nas comunidades ligadas ao mar, \u201ccom pessoas que vivem uma realidade dura\u201d, sendo fundamental \u201co apoio que lhes vem de Deus e de Nossa Senhora, para aguentarem os momentos mais dif\u00edceis\u201d.<\/p>\n<p>O Porto de Aveiro, como est\u00e1 ligado \u00e0 cultura mar\u00edtima, \u201ctem todo o gosto em se empenhar para que estas tradi\u00e7\u00f5es persistam e se desenvolvam, porque est\u00e1 convencido de que tem de ser fiel ao sentir das gentes do mar\u201d, garantiu ao Correio do Vouga Braga da Cruz.<\/p>\n<p>Alfredo Ferreira da Silva, o grande impulsionador desta iniciativa, referiu que o nosso povo, mais ligado ao mar e \u00e0 ria, sempre nutriu por Nossa Senhora dos Navegantes uma venera\u00e7\u00e3o especial, raz\u00e3o por que o Grupo Etnogr\u00e1fico decidiu apostar na reposi\u00e7\u00e3o da festa, agora com a prociss\u00e3o pela Ria, sempre ao gosto das pessoas. <\/p>\n<p>Nesta romaria n\u00e3o faltou o folclore e a m\u00fasica, a missa campal em frente \u00e0 capela do Forte, animada pelos cantares dos grupos etnogr\u00e1ficos, e muita anima\u00e7\u00e3o que alguma chuva, afinal, n\u00e3o perturbou grandemente. <\/p>\n","protected":false},"excerpt":{"rendered":"<p>Festas em honra de Nossa Senhora dos Navegantes<\/p>\n","protected":false},"author":1,"featured_media":0,"comment_status":"open","ping_status":"open","sticky":false,"template":"","format":"standard","meta":{"footnotes":""},"categories":[66],"tags":[],"class_list":["post-187","post","type-post","status-publish","format-standard","hentry","category-cultura"],"_links":{"self":[{"href":"https:\/\/sites.ecclesia.pt\/cv\/wp-json\/wp\/v2\/posts\/187","targetHints":{"allow":["GET"]}}],"collection":[{"href":"https:\/\/sites.ecclesia.pt\/cv\/wp-json\/wp\/v2\/posts"}],"about":[{"href":"https:\/\/sites.ecclesia.pt\/cv\/wp-json\/wp\/v2\/types\/post"}],"author":[{"embeddable":true,"href":"https:\/\/sites.ecclesia.pt\/cv\/wp-json\/wp\/v2\/users\/1"}],"replies":[{"embeddable":true,"href":"https:\/\/sites.ecclesia.pt\/cv\/wp-json\/wp\/v2\/comments?post=187"}],"version-history":[{"count":0,"href":"https:\/\/sites.ecclesia.pt\/cv\/wp-json\/wp\/v2\/posts\/187\/revisions"}],"wp:attachment":[{"href":"https:\/\/sites.ecclesia.pt\/cv\/wp-json\/wp\/v2\/media?parent=187"}],"wp:term":[{"taxonomy":"category","embeddable":true,"href":"https:\/\/sites.ecclesia.pt\/cv\/wp-json\/wp\/v2\/categories?post=187"},{"taxonomy":"post_tag","embeddable":true,"href":"https:\/\/sites.ecclesia.pt\/cv\/wp-json\/wp\/v2\/tags?post=187"}],"curies":[{"name":"wp","href":"https:\/\/api.w.org\/{rel}","templated":true}]}}