{"id":188,"date":"2006-04-03T14:44:00","date_gmt":"2006-04-03T14:44:00","guid":{"rendered":"http:\/\/localhost:81\/wp1\/?p=188"},"modified":"2006-04-03T14:44:00","modified_gmt":"2006-04-03T14:44:00","slug":"o-processo-da-criacao-de-riqueza-traz-sempre-desigauldades-sociais-2","status":"publish","type":"post","link":"https:\/\/sites.ecclesia.pt\/cv\/o-processo-da-criacao-de-riqueza-traz-sempre-desigauldades-sociais-2\/","title":{"rendered":"&#8220;O processo da cria\u00e7\u00e3o de riqueza traz sempre desigauldades sociais?&#8221; (2)"},"content":{"rendered":"<p>Quest\u00f5es Sociais <!--more--> No final do artigo aqui publicado em 16 de Julho, perguntava-se: &#8220;\u00e9 mesmo inevit\u00e1vel que o processo da cria\u00e7\u00e3o de riqueza traga sempre desigualdades sociais?&#8221; \u2014 N\u00e3o existe resposta segura \u00e0 pergunta, e tudo leva a crer que \u2014 entregue a economia \u00e0 sua pr\u00f3pria in\u00e9rcia \u2014 existe uma alta probabilidade de aumentarem, ou n\u00e3o diminu\u00edrem, as desigualdades injustas, a pobreza e a exclus\u00e3o social.<\/p>\n<p>Contudo, existem dinamismos de sentido contr\u00e1rio, historicamente comprovados. Vale a pena lembrar alguns.<\/p>\n<p>Uns dinamismos s\u00e3o intr\u00ednsecos \u00e0 pr\u00f3pria economia enquanto outros s\u00e3o extensivos e se caracterizam pelo seu car\u00e1cter voluntarista. Em princ\u00edpio, haver\u00e1 tanto mais efic\u00e1cia na atenua\u00e7\u00e3o das desigualdades, pobreza e exclus\u00e3o quanto mais se interligarem os dois conjuntos.<\/p>\n<p>No conjunto de dinamismos econ\u00f3micos favor\u00e1veis \u00e0quela atenua\u00e7\u00e3o, figuram: a concorr\u00eancia perfeita (sem monop\u00f3lios ou pr\u00e1ticas semelhantes); o livre acesso \u00e0 iniciativa econ\u00f3mica; o desenvolvimento das classes m\u00e9dias; o aumento de oportunidades de emprego, superior \u00e0 respectiva procura; a abund\u00e2ncia de cr\u00e9dito e a verifica\u00e7\u00e3o de outras condi\u00e7\u00f5es para a cria\u00e7\u00e3o de empresas e de emprego&#8230; Deve assinalar-se que, hoje em dia, nenhum destes dinamismos funciona satisfatoriamente.<\/p>\n<p>Os dinamismos voluntaristas podem depender do Estado, dos parceiros sociais e de outras entidades. Entre os que dependem fundamentalmente do Estado (sem preju\u00edzo da desej\u00e1vel participa\u00e7\u00e3o dos parceiros sociais e de outras entidades) s\u00e3o de assinalar: a legisla\u00e7\u00e3o e a garantia do seu cumprimento; a regula\u00e7\u00e3o econ\u00f3mica; o incremento da forma\u00e7\u00e3o e da respectiva qualidade.<\/p>\n<p>Dos parceiros sociais (sindicais e patronais ou empresariais) espera-se, especialmente, o empenho na negocia\u00e7\u00e3o colectiva, a procura de entendimentos a todos os n\u00edveis e o aprofundamento da cultura de responsabilidade, na qual se baseiam a consci\u00eancia e a efic\u00e1cia dos direitos e deveres. N\u00e3o tem faltado aos parceiros este empenho, mas verificam-se, em simult\u00e2neo, tr\u00eas graves defici\u00eancias: muitas empresas e outras estruturas acham-se claramente alheadas dele; a tem\u00e1tica das desigualdades n\u00e3o est\u00e1 convenientemente assumida; e re-gistam-se tend\u00eancias extremistas \u2014 do lado sindical e do patronal \u2014 que tornam muito dif\u00edcil qualquer entendimento.<\/p>\n<p>Muitas outras entidades v\u00eam dando contributos significativos a favor da justi\u00e7a social. Os partidos pol\u00edticos, a generalidade das organiza\u00e7\u00f5es sem fins lucrativos, o associativismo em geral, a generalidade das confiss\u00f5es religiosas e o esp\u00edrito de vizinhan\u00e7a e de comunidade que se mant\u00e9m e renova, sobretudo, nos locais de resid\u00eancia fazem parte dos dinamismos voluntaristas que procuram atenuar as desigualdades injustas.<\/p>\n<p>No entanto, este conjunto de entidades n\u00e3o det\u00e9m for\u00e7a suficiente para influenciar toda a economia e sociedade. Al\u00e9m disso, encontra-se tamb\u00e9m minado pela ideologia das desigualdades: n\u00e3o s\u00f3 de rendimentos e riqueza econ\u00f3mica mas tamb\u00e9m de poder (econ\u00f3mico, social, cultural, pol\u00edtico&#8230;)<\/p>\n<p>\u00c9 caso para perguntarmos: que for\u00e7as ou movimentos sociais se encontram verdadeiramente empenhados na atenua\u00e7\u00e3o e erradica\u00e7\u00e3o das desigualdades injustas, da pobreza e da exclus\u00e3o social?<\/p>\n","protected":false},"excerpt":{"rendered":"<p>Quest\u00f5es Sociais<\/p>\n","protected":false},"author":1,"featured_media":0,"comment_status":"open","ping_status":"open","sticky":false,"template":"","format":"standard","meta":{"footnotes":""},"categories":[61],"tags":[],"class_list":["post-188","post","type-post","status-publish","format-standard","hentry","category-actualidade"],"_links":{"self":[{"href":"https:\/\/sites.ecclesia.pt\/cv\/wp-json\/wp\/v2\/posts\/188","targetHints":{"allow":["GET"]}}],"collection":[{"href":"https:\/\/sites.ecclesia.pt\/cv\/wp-json\/wp\/v2\/posts"}],"about":[{"href":"https:\/\/sites.ecclesia.pt\/cv\/wp-json\/wp\/v2\/types\/post"}],"author":[{"embeddable":true,"href":"https:\/\/sites.ecclesia.pt\/cv\/wp-json\/wp\/v2\/users\/1"}],"replies":[{"embeddable":true,"href":"https:\/\/sites.ecclesia.pt\/cv\/wp-json\/wp\/v2\/comments?post=188"}],"version-history":[{"count":0,"href":"https:\/\/sites.ecclesia.pt\/cv\/wp-json\/wp\/v2\/posts\/188\/revisions"}],"wp:attachment":[{"href":"https:\/\/sites.ecclesia.pt\/cv\/wp-json\/wp\/v2\/media?parent=188"}],"wp:term":[{"taxonomy":"category","embeddable":true,"href":"https:\/\/sites.ecclesia.pt\/cv\/wp-json\/wp\/v2\/categories?post=188"},{"taxonomy":"post_tag","embeddable":true,"href":"https:\/\/sites.ecclesia.pt\/cv\/wp-json\/wp\/v2\/tags?post=188"}],"curies":[{"name":"wp","href":"https:\/\/api.w.org\/{rel}","templated":true}]}}