{"id":18992,"date":"2012-01-18T15:00:00","date_gmt":"2012-01-18T15:00:00","guid":{"rendered":"http:\/\/localhost:81\/wp1\/?p=18992"},"modified":"2012-01-18T15:00:00","modified_gmt":"2012-01-18T15:00:00","slug":"haiti-7","status":"publish","type":"post","link":"https:\/\/sites.ecclesia.pt\/cv\/haiti-7\/","title":{"rendered":"Haiti"},"content":{"rendered":"<p>Crist\u00e3os no Mundo <!--more--> A C\u00e1ritas Portuguesa revelou que mant\u00e9m o seu \u201cempenho\u201d em ajudar as pessoas afetadas pelo terramoto que h\u00e1 dois anos atingiu o pa\u00eds, provocando 230 mil mortes. A C\u00e1ritas decidiu refor\u00e7ar o apoio a um projeto de reconstru\u00e7\u00e3o de 20 habita\u00e7\u00f5es, que est\u00e1 a ser desenvolvido pela C\u00e1ritas da Su\u00ed\u00e7a, bem como o apoio a um centro de sa\u00fade no sul do pa\u00eds.<\/p>\n","protected":false},"excerpt":{"rendered":"<p>Crist\u00e3os no Mundo<\/p>\n","protected":false},"author":1,"featured_media":0,"comment_status":"open","ping_status":"open","sticky":false,"template":"","format":"standard","meta":{"footnotes":""},"categories":[55],"tags":[],"class_list":["post-18992","post","type-post","status-publish","format-standard","hentry","category-igreja-no-mundo"],"_links":{"self":[{"href":"https:\/\/sites.ecclesia.pt\/cv\/wp-json\/wp\/v2\/posts\/18992","targetHints":{"allow":["GET"]}}],"collection":[{"href":"https:\/\/sites.ecclesia.pt\/cv\/wp-json\/wp\/v2\/posts"}],"about":[{"href":"https:\/\/sites.ecclesia.pt\/cv\/wp-json\/wp\/v2\/types\/post"}],"author":[{"embeddable":true,"href":"https:\/\/sites.ecclesia.pt\/cv\/wp-json\/wp\/v2\/users\/1"}],"replies":[{"embeddable":true,"href":"https:\/\/sites.ecclesia.pt\/cv\/wp-json\/wp\/v2\/comments?post=18992"}],"version-history":[{"count":0,"href":"https:\/\/sites.ecclesia.pt\/cv\/wp-json\/wp\/v2\/posts\/18992\/revisions"}],"wp:attachment":[{"href":"https:\/\/sites.ecclesia.pt\/cv\/wp-json\/wp\/v2\/media?parent=18992"}],"wp:term":[{"taxonomy":"category","embeddable":true,"href":"https:\/\/sites.ecclesia.pt\/cv\/wp-json\/wp\/v2\/categories?post=18992"},{"taxonomy":"post_tag","embeddable":true,"href":"https:\/\/sites.ecclesia.pt\/cv\/wp-json\/wp\/v2\/tags?post=18992"}],"curies":[{"name":"wp","href":"https:\/\/api.w.org\/{rel}","templated":true}]}}