{"id":18993,"date":"2012-01-18T15:04:00","date_gmt":"2012-01-18T15:04:00","guid":{"rendered":"http:\/\/localhost:81\/wp1\/?p=18993"},"modified":"2012-01-18T15:04:00","modified_gmt":"2012-01-18T15:04:00","slug":"nigeria-11","status":"publish","type":"post","link":"https:\/\/sites.ecclesia.pt\/cv\/nigeria-11\/","title":{"rendered":"Nig\u00e9ria"},"content":{"rendered":"<p>Crist\u00e3os no Mundo <!--more--> O grupo islamita Boko Haram, que tem aterrorizado comunidades cat\u00f3licas, pode ser culpado de \u201ccrimes contra a humanidade\u201d por causa de ataques \u201ccom base na religi\u00e3o ou na etnia\u201d. Navi Pillay, Alta Comiss\u00e1ria da ONU para os Direitos Humanos, afirmou a possibilidade e real\u00e7ou que \u201cn\u00e3o pode haver impunidade para quaisquer atos de viol\u00eancia\u201d deste g\u00e9nero.<\/p>\n","protected":false},"excerpt":{"rendered":"<p>Crist\u00e3os no Mundo<\/p>\n","protected":false},"author":1,"featured_media":0,"comment_status":"open","ping_status":"open","sticky":false,"template":"","format":"standard","meta":{"footnotes":""},"categories":[55],"tags":[],"class_list":["post-18993","post","type-post","status-publish","format-standard","hentry","category-igreja-no-mundo"],"_links":{"self":[{"href":"https:\/\/sites.ecclesia.pt\/cv\/wp-json\/wp\/v2\/posts\/18993","targetHints":{"allow":["GET"]}}],"collection":[{"href":"https:\/\/sites.ecclesia.pt\/cv\/wp-json\/wp\/v2\/posts"}],"about":[{"href":"https:\/\/sites.ecclesia.pt\/cv\/wp-json\/wp\/v2\/types\/post"}],"author":[{"embeddable":true,"href":"https:\/\/sites.ecclesia.pt\/cv\/wp-json\/wp\/v2\/users\/1"}],"replies":[{"embeddable":true,"href":"https:\/\/sites.ecclesia.pt\/cv\/wp-json\/wp\/v2\/comments?post=18993"}],"version-history":[{"count":0,"href":"https:\/\/sites.ecclesia.pt\/cv\/wp-json\/wp\/v2\/posts\/18993\/revisions"}],"wp:attachment":[{"href":"https:\/\/sites.ecclesia.pt\/cv\/wp-json\/wp\/v2\/media?parent=18993"}],"wp:term":[{"taxonomy":"category","embeddable":true,"href":"https:\/\/sites.ecclesia.pt\/cv\/wp-json\/wp\/v2\/categories?post=18993"},{"taxonomy":"post_tag","embeddable":true,"href":"https:\/\/sites.ecclesia.pt\/cv\/wp-json\/wp\/v2\/tags?post=18993"}],"curies":[{"name":"wp","href":"https:\/\/api.w.org\/{rel}","templated":true}]}}