{"id":18994,"date":"2012-01-18T15:04:00","date_gmt":"2012-01-18T15:04:00","guid":{"rendered":"http:\/\/localhost:81\/wp1\/?p=18994"},"modified":"2012-01-18T15:04:00","modified_gmt":"2012-01-18T15:04:00","slug":"etiopia","status":"publish","type":"post","link":"https:\/\/sites.ecclesia.pt\/cv\/etiopia\/","title":{"rendered":"Eti\u00f3pia"},"content":{"rendered":"<p>Crist\u00e3os no Mundo <!--more--> A comiss\u00e3o mista para o di\u00e1logo teol\u00f3gico entre a Igreja Cat\u00f3lica e as Igrejas Orientais Ortodoxas est\u00e1 reunida neste pa\u00eds at\u00e9 ao dia 23. O encontro conta com a presen\u00e7a do cardeal Kurt Koch, presidente do Conselho Pontif\u00edcio para a Promo\u00e7\u00e3o da Unidade dos Crist\u00e3os. As Igrejas Orientais Ortodoxas englobam comunidades do Egito (Coptas), S\u00edria, Arm\u00e9nia, Eti\u00f3pia, Eritreia e \u00cdndia (rito malankar).<\/p>\n","protected":false},"excerpt":{"rendered":"<p>Crist\u00e3os no Mundo<\/p>\n","protected":false},"author":1,"featured_media":0,"comment_status":"open","ping_status":"open","sticky":false,"template":"","format":"standard","meta":{"footnotes":""},"categories":[55],"tags":[],"class_list":["post-18994","post","type-post","status-publish","format-standard","hentry","category-igreja-no-mundo"],"_links":{"self":[{"href":"https:\/\/sites.ecclesia.pt\/cv\/wp-json\/wp\/v2\/posts\/18994","targetHints":{"allow":["GET"]}}],"collection":[{"href":"https:\/\/sites.ecclesia.pt\/cv\/wp-json\/wp\/v2\/posts"}],"about":[{"href":"https:\/\/sites.ecclesia.pt\/cv\/wp-json\/wp\/v2\/types\/post"}],"author":[{"embeddable":true,"href":"https:\/\/sites.ecclesia.pt\/cv\/wp-json\/wp\/v2\/users\/1"}],"replies":[{"embeddable":true,"href":"https:\/\/sites.ecclesia.pt\/cv\/wp-json\/wp\/v2\/comments?post=18994"}],"version-history":[{"count":0,"href":"https:\/\/sites.ecclesia.pt\/cv\/wp-json\/wp\/v2\/posts\/18994\/revisions"}],"wp:attachment":[{"href":"https:\/\/sites.ecclesia.pt\/cv\/wp-json\/wp\/v2\/media?parent=18994"}],"wp:term":[{"taxonomy":"category","embeddable":true,"href":"https:\/\/sites.ecclesia.pt\/cv\/wp-json\/wp\/v2\/categories?post=18994"},{"taxonomy":"post_tag","embeddable":true,"href":"https:\/\/sites.ecclesia.pt\/cv\/wp-json\/wp\/v2\/tags?post=18994"}],"curies":[{"name":"wp","href":"https:\/\/api.w.org\/{rel}","templated":true}]}}