{"id":18995,"date":"2012-01-18T15:05:00","date_gmt":"2012-01-18T15:05:00","guid":{"rendered":"http:\/\/localhost:81\/wp1\/?p=18995"},"modified":"2012-01-18T15:05:00","modified_gmt":"2012-01-18T15:05:00","slug":"mocambique-3","status":"publish","type":"post","link":"https:\/\/sites.ecclesia.pt\/cv\/mocambique-3\/","title":{"rendered":"Mo\u00e7ambique"},"content":{"rendered":"<p>Crist\u00e3os no Mundo <!--more--> Bento XVI aceitou a ren\u00fancia do arcebispo da Beira, D. Jaime Pedro Gon\u00e7alves, por ter completado 75 anos. A arquidiocese, com sede na segunda maior cidade do pa\u00eds, vai ter como administrador apost\u00f3lico D. Jo\u00e3o Carlos Hatoa Nunes, de 43 anos, bispo auxiliar de Maputo, at\u00e9 que o Papa nomeie o substituto de D. Jaime.<\/p>\n","protected":false},"excerpt":{"rendered":"<p>Crist\u00e3os no Mundo<\/p>\n","protected":false},"author":1,"featured_media":0,"comment_status":"open","ping_status":"open","sticky":false,"template":"","format":"standard","meta":{"footnotes":""},"categories":[55],"tags":[],"class_list":["post-18995","post","type-post","status-publish","format-standard","hentry","category-igreja-no-mundo"],"_links":{"self":[{"href":"https:\/\/sites.ecclesia.pt\/cv\/wp-json\/wp\/v2\/posts\/18995","targetHints":{"allow":["GET"]}}],"collection":[{"href":"https:\/\/sites.ecclesia.pt\/cv\/wp-json\/wp\/v2\/posts"}],"about":[{"href":"https:\/\/sites.ecclesia.pt\/cv\/wp-json\/wp\/v2\/types\/post"}],"author":[{"embeddable":true,"href":"https:\/\/sites.ecclesia.pt\/cv\/wp-json\/wp\/v2\/users\/1"}],"replies":[{"embeddable":true,"href":"https:\/\/sites.ecclesia.pt\/cv\/wp-json\/wp\/v2\/comments?post=18995"}],"version-history":[{"count":0,"href":"https:\/\/sites.ecclesia.pt\/cv\/wp-json\/wp\/v2\/posts\/18995\/revisions"}],"wp:attachment":[{"href":"https:\/\/sites.ecclesia.pt\/cv\/wp-json\/wp\/v2\/media?parent=18995"}],"wp:term":[{"taxonomy":"category","embeddable":true,"href":"https:\/\/sites.ecclesia.pt\/cv\/wp-json\/wp\/v2\/categories?post=18995"},{"taxonomy":"post_tag","embeddable":true,"href":"https:\/\/sites.ecclesia.pt\/cv\/wp-json\/wp\/v2\/tags?post=18995"}],"curies":[{"name":"wp","href":"https:\/\/api.w.org\/{rel}","templated":true}]}}