{"id":19,"date":"2006-04-03T14:44:00","date_gmt":"2006-04-03T14:44:00","guid":{"rendered":"http:\/\/localhost:81\/wp1\/?p=19"},"modified":"2006-04-03T14:44:00","modified_gmt":"2006-04-03T14:44:00","slug":"cruz-das-jmj-em-portugal","status":"publish","type":"post","link":"https:\/\/sites.ecclesia.pt\/cv\/cruz-das-jmj-em-portugal\/","title":{"rendered":"Cruz das JMJ em Portugal"},"content":{"rendered":"<p>Entrevista com o Director do Departamento Nacional da Pastoral Juvenil <!--more--> A prop\u00f3sito da vinda da Cruz das Jornadas Mundiais e \u00cdcone Mariano a Portugal, em Peregrina\u00e7\u00e3o Europeia de prepara\u00e7\u00e3o da XX JMJ, em Col\u00f3nia \u2013 Alemanha, em 2005, entrevist\u00e1mos o Dr. Manuel Oliveira de Sousa, Director do Departamento Nacional da Pastoral Juvenil \u2013 o \u00f3rg\u00e3o da Confer\u00eancia Episcopal Portuguesa (integrado na Comiss\u00e3o Episcopal do Apostolado dos Leigos), para nos explicar o que envolve esta ac\u00e7\u00e3o in\u00e9dita em Portugal.<\/p>\n<p>Oliveira de Sousa, \u00e9 um leigo de Aveiro, formado em Teologia e Hist\u00f3ria Cultural e Pol\u00edtica, e, para al\u00e9m do exerc\u00edcio das suas fun\u00e7\u00f5es profissionais (professor) desde 1991 \u00e9 director do Secretariado Diocesano da Pastoral Juvenil de Aveiro. Em 2000, foi chamado pela Confer\u00eancia Episcopal Portuguesa para coordenar tamb\u00e9m a Pastoral Juvenil nacional no \u00e2mbito do DNPJ.<\/p>\n<p>AG (Ant\u00f3nio Gon\u00e7alves)\u2013 A cruz da JMJ normalmente \u00e9 entregue pelo Santo Padre ao pa\u00eds organizador das JMJ para a\u00ed incentivar e sensibilizar os jovens e as comunidades para esse grande evento evangelizador da juventude preconizado pelo Papa Jo\u00e3o Paulo II. Como acontece a vinda a Portugal?<\/p>\n<p>OS (Oliveira de Sousa) \u2013 Tudo decorre realmente assim. Os jovens da JMJ anterior vem trazer a Roma, no Domingo de Ramos seguinte, a cruz da JMJ, que normalmente fica no Instituto de S. Louren\u00e7o (Vaticano) numa casa toda ela vocacionada para a evangeliza\u00e7\u00e3o dos jovens, sobretudo a evangeliza\u00e7\u00e3o interior, o dinamismo espiritual, o encontro com Cristo na ora\u00e7\u00e3o. No entanto, como a pr\u00f3xima JMJ, a XX, \u00e9 em Col\u00f3nia e medeiam dois anos entre o \u00faltimo Domingo de Ramos (e Dia Mundial da Juventude) e Col\u00f3nia 2005, a Diocese de Col\u00f3nia prop\u00f4s aos pa\u00edses da Europa, que quisessem fazer a mesma experi\u00eancia de peregrina\u00e7\u00e3o, em comunh\u00e3o com o Santo Padre e com os jovens do mundo inteiro, receb\u00ea-la durante cerca de 15 dias. A Confer\u00eancia Episcopal Portuguesa viu longe o alcance desta proposta e anuiu desde a primeira hora e, estudado o melhor enquadramento, surgiu  esta data.<\/p>\n<p>AG \u2013 Quais os objectivos da presen\u00e7a da Cruz em Portugal?<\/p>\n<p>OS \u2013 Este s\u00edmbolo do caminho da Igreja com os jovens, do pr\u00f3prio Jesus Cristo no meio de n\u00f3s, a  partir de 13 de Abril de 2003 ficou mais completo, sobretudo na satisfa\u00e7\u00e3o de v\u00e1rias sensibilidades e na riqueza espiritual, com a introdu\u00e7\u00e3o do \u00cdcone Mariano na peregrina\u00e7\u00e3o. Teologicamente n\u00e3o seria necess\u00e1rio, como chegou a ser referido: Cristo fala-nos de Maria e no Mist\u00e9rio Cristol\u00f3gico est\u00e1 Maria. No entanto, o Santo Padre quis tornar efectivo e mais vis\u00edvel este Mist\u00e9rio e, em pleno ano do Ros\u00e1rio, consagrou tamb\u00e9m, simbolicamente, os jovens \u00e0 protec\u00e7\u00e3o de Nossa Senhora. <\/p>\n<p>Em Portugal, queremos, ao n\u00edvel dos objectivos, em termos globais continuar atentos aos jovens e ao seu lugar e forma\u00e7\u00e3o na Igreja. A n\u00edvel mais concreto: sensibilizar toda a Igreja Portuguesa para a Peregrina\u00e7\u00e3o que \u00e9 toda a vida e a vida da Igreja atrav\u00e9s das JMJ; perscrutar a voz dos nossos bispos, dos nossos pastores, na voz do Santo Padre aos jovens; proporcionar o encontro profundo, em ora\u00e7\u00e3o, com Jesus Cristo e Maria; oferecer aos jovens e \u00e0s nossas comunidades o contacto e a experi\u00eancia com tantos momentos de convers\u00e3o \u00e0 volta da mesma Cruz; acolher os jovens do mundo inteiro em nossa casa.<\/p>\n<p>AG \u2013 As dioceses n\u00e3o est\u00e3o todas envolvidas. Porqu\u00ea?<\/p>\n<p>OS \u2013 Por duas raz\u00f5es muito simples. Primeiro n\u00e3o era poss\u00edvel em treze dias chegar a todas, \u00e0s vinte e uma; segundo, fomos pelas que, em reuni\u00e3o de respons\u00e1veis diocesanos, estavam preparadas para assumir de imediato esta responsabilidade.<\/p>\n<p> AG \u2013 Apesar de todo este dinamismo, ser\u00e1 que os jovens n\u00e3o se est\u00e3o a afastar da Igreja?<\/p>\n<p>OS \u2013 N\u00e3o sou dessa opini\u00e3o. Os jovens n\u00e3o se afastam de quem amam. Continua a haver uma mole imensa de jovens que encontra na Igreja o seu espa\u00e7o de forma\u00e7\u00e3o, de conv\u00edvio, de realiza\u00e7\u00e3o, etc. e n\u00e3o existem por acaso. Os jovens j\u00e1 n\u00e3o encontram Jesus Cristo desde o ber\u00e7o! Isto \u00e9, surgem problemas novos, propostas diferentes, situa\u00e7\u00f5es culturais, profissionais, espirituais diversas. E para este tempo s\u00e3o necess\u00e1rias respostas deste tempo. As mu-ta\u00e7\u00f5es s\u00e3o actualmente enor-mes? Assim s\u00e3o tamb\u00e9m os jovens. Est\u00e1 tudo feito? N\u00e3o. A Igreja \u00e9 um  povo que cami-nha, \u00e9 a Peregrina\u00e7\u00e3o das Peregrina\u00e7\u00f5es, com as suas dificuldades e com as suas capacidades.<\/p>\n<p>Sinto, revisitando um pouco de Ortega Y Gasset,  que a cultura juvenil \u00e9 o espelho da cultura social da \u00e9poca em que se vive. Ora, respondendo \u00e0 sua quest\u00e3o, a recente carta pastoral da Confer\u00eancia Episcopal Portuguesa (\u201cResponsabilidade solid\u00e1ria pelo bem comum\u201d), pela unanimidade das cr\u00edticas \u2014 se tal argumento for necess\u00e1rio \u2014  d\u00e1-nos com fidelidade o retrato da cultura reinante, ou seja, ali est\u00e3o os nossos jovens tamb\u00e9m!<\/p>\n<p>AG \u2013 E uma Jornada Mundial da Juventude em Portugal, \u00e9 poss\u00edvel?<\/p>\n<p>OS \u2013 \u00c9 necess\u00e1rio pensar longe, ver para al\u00e9m do que normalmente n\u00e3o se alcan\u00e7a, tamb\u00e9m em Igreja! Neste momento, pelo dinamismo existente em Portugal seria poss\u00edvel e bastante \u00fatil. Uma JMJ revoluciona as comunidades e todas as estrat\u00e9gias evangelizadoras (n\u00e3o s\u00f3 dos jovens). Mas a organiza\u00e7\u00e3o de uma JMJ \u00e9 complexa, vamos caminhando\u2026e a seu tempo, quem sabe?<\/p>\n","protected":false},"excerpt":{"rendered":"<p>Entrevista com o Director do Departamento Nacional da Pastoral Juvenil<\/p>\n","protected":false},"author":1,"featured_media":0,"comment_status":"open","ping_status":"open","sticky":false,"template":"","format":"standard","meta":{"footnotes":""},"categories":[65],"tags":[],"class_list":["post-19","post","type-post","status-publish","format-standard","hentry","category-linhas-directas"],"_links":{"self":[{"href":"https:\/\/sites.ecclesia.pt\/cv\/wp-json\/wp\/v2\/posts\/19","targetHints":{"allow":["GET"]}}],"collection":[{"href":"https:\/\/sites.ecclesia.pt\/cv\/wp-json\/wp\/v2\/posts"}],"about":[{"href":"https:\/\/sites.ecclesia.pt\/cv\/wp-json\/wp\/v2\/types\/post"}],"author":[{"embeddable":true,"href":"https:\/\/sites.ecclesia.pt\/cv\/wp-json\/wp\/v2\/users\/1"}],"replies":[{"embeddable":true,"href":"https:\/\/sites.ecclesia.pt\/cv\/wp-json\/wp\/v2\/comments?post=19"}],"version-history":[{"count":0,"href":"https:\/\/sites.ecclesia.pt\/cv\/wp-json\/wp\/v2\/posts\/19\/revisions"}],"wp:attachment":[{"href":"https:\/\/sites.ecclesia.pt\/cv\/wp-json\/wp\/v2\/media?parent=19"}],"wp:term":[{"taxonomy":"category","embeddable":true,"href":"https:\/\/sites.ecclesia.pt\/cv\/wp-json\/wp\/v2\/categories?post=19"},{"taxonomy":"post_tag","embeddable":true,"href":"https:\/\/sites.ecclesia.pt\/cv\/wp-json\/wp\/v2\/tags?post=19"}],"curies":[{"name":"wp","href":"https:\/\/api.w.org\/{rel}","templated":true}]}}