{"id":190,"date":"2006-04-03T14:44:00","date_gmt":"2006-04-03T14:44:00","guid":{"rendered":"http:\/\/localhost:81\/wp1\/?p=190"},"modified":"2006-04-03T14:44:00","modified_gmt":"2006-04-03T14:44:00","slug":"mortes-infantis-por-maus-tratos","status":"publish","type":"post","link":"https:\/\/sites.ecclesia.pt\/cv\/mortes-infantis-por-maus-tratos\/","title":{"rendered":"Mortes infantis por maus tratos"},"content":{"rendered":"<p>Quem se habituou \u00e0 ideia de que Portugal \u00e9 um pa\u00eds de brandos costumes tem dificuldades em aceitar o que diz o relat\u00f3rio da UNICEF sobre mortes infantis por maus tratos. Mas como os relat\u00f3rios de organiza\u00e7\u00f5es como esta n\u00e3o s\u00e3o nem podem ser feitos de \u00e2nimo leve, somos mesmo obrigados a aceitar a triste realidade dos factos. <\/p>\n<p>Portugal \u2014 sublinha-se nesse documento \u2014 est\u00e1 no topo da lista de um universo de 27 pa\u00edses da Organiza\u00e7\u00e3o para a Coopera\u00e7\u00e3o e Desenvolvimento (OCDE), com cerca de quatro v\u00edtimas de maus tratos por cada cem mil crian\u00e7as, um valor seis vezes superior ao verificado nos anos 70 do s\u00e9culo passado.<\/p>\n<p>Enquanto o nosso Pa\u00eds ocupa esta triste posi\u00e7\u00e3o, a nossa vizinha Espanha fixa-se no \u00faltimo lugar, com apenas 0,1 mortes, precisando de dez anos para que em cem mil crian\u00e7as morra apenas uma por aqueles motivos.<\/p>\n<p>\u00c9 certo que estes valores n\u00e3o s\u00e3o determinados com rigor matem\u00e1tico, j\u00e1 que neles se incluem n\u00e3o s\u00f3 os que s\u00e3o, efectivamente, v\u00edtimas de maus tratos, mas tamb\u00e9m os que morrem por causas indeterminadas. De qualquer forma, os n\u00fameros apontados n\u00e3o estar\u00e3o muito longe da verdade aut\u00eantica.<\/p>\n<p>Como causas para este estado de coisas, apontam-se a pobreza, o \u201cstress\u201d, o abuso do \u00e1lcool e das drogas, sendo os agressores, na maioria das vezes, os pais biol\u00f3gicos, logo seguidos dos padrastos, madrastas, outros familiares e pais adoptivos. <\/p>\n<p>Como consequ\u00eancia desta lament\u00e1vel situa\u00e7\u00e3o, a UNICEF defende que a viola\u00e7\u00e3o dos direitos da crian\u00e7a tem, efectivamente, de ser combatida, n\u00e3o s\u00f3 atrav\u00e9s de legisla\u00e7\u00e3o adequada, mas tamb\u00e9m de campanhas, que contribuam para a forma\u00e7\u00e3o de novas mentalidades, onde o respeito pelas crian\u00e7as ocupe um lugar cimeiro.<\/p>\n<p>F.M.<\/p>\n","protected":false},"excerpt":{"rendered":"<p>Quem se habituou \u00e0 ideia de que Portugal \u00e9 um pa\u00eds de brandos costumes tem dificuldades em aceitar o que diz o relat\u00f3rio da UNICEF sobre mortes infantis por maus tratos. Mas como os relat\u00f3rios de organiza\u00e7\u00f5es como esta n\u00e3o s\u00e3o nem podem ser feitos de \u00e2nimo leve, somos mesmo obrigados a aceitar a triste [&hellip;]<\/p>\n","protected":false},"author":1,"featured_media":0,"comment_status":"open","ping_status":"open","sticky":false,"template":"","format":"standard","meta":{"footnotes":""},"categories":[61],"tags":[],"class_list":["post-190","post","type-post","status-publish","format-standard","hentry","category-actualidade"],"_links":{"self":[{"href":"https:\/\/sites.ecclesia.pt\/cv\/wp-json\/wp\/v2\/posts\/190","targetHints":{"allow":["GET"]}}],"collection":[{"href":"https:\/\/sites.ecclesia.pt\/cv\/wp-json\/wp\/v2\/posts"}],"about":[{"href":"https:\/\/sites.ecclesia.pt\/cv\/wp-json\/wp\/v2\/types\/post"}],"author":[{"embeddable":true,"href":"https:\/\/sites.ecclesia.pt\/cv\/wp-json\/wp\/v2\/users\/1"}],"replies":[{"embeddable":true,"href":"https:\/\/sites.ecclesia.pt\/cv\/wp-json\/wp\/v2\/comments?post=190"}],"version-history":[{"count":0,"href":"https:\/\/sites.ecclesia.pt\/cv\/wp-json\/wp\/v2\/posts\/190\/revisions"}],"wp:attachment":[{"href":"https:\/\/sites.ecclesia.pt\/cv\/wp-json\/wp\/v2\/media?parent=190"}],"wp:term":[{"taxonomy":"category","embeddable":true,"href":"https:\/\/sites.ecclesia.pt\/cv\/wp-json\/wp\/v2\/categories?post=190"},{"taxonomy":"post_tag","embeddable":true,"href":"https:\/\/sites.ecclesia.pt\/cv\/wp-json\/wp\/v2\/tags?post=190"}],"curies":[{"name":"wp","href":"https:\/\/api.w.org\/{rel}","templated":true}]}}