{"id":19128,"date":"2011-02-02T11:39:00","date_gmt":"2011-02-02T11:39:00","guid":{"rendered":"http:\/\/localhost:81\/wp1\/?p=19128"},"modified":"2011-02-02T11:39:00","modified_gmt":"2011-02-02T11:39:00","slug":"alteracao-de-plano-de-pormenor-em-oliveira-do-bairro","status":"publish","type":"post","link":"https:\/\/sites.ecclesia.pt\/cv\/alteracao-de-plano-de-pormenor-em-oliveira-do-bairro\/","title":{"rendered":"Altera\u00e7\u00e3o de Plano de Pormenor em Oliveira do Bairro"},"content":{"rendered":"<p>Breve <!--more--> A C\u00e2mara Municipal de Oliveira do Bairro est\u00e1 a elaborar a altera\u00e7\u00e3o do Plano de Pormenor da zona envolvente aos novos Pa\u00e7os do Concelho, estando a decorrer, at\u00e9 ao dia 22 de Fevereiro, a fase de discuss\u00e3o p\u00fablica. Durante este per\u00edodo, os interessados podem apresentar reclama\u00e7\u00f5es, observa\u00e7\u00f5es, sugest\u00f5es, bem como pedidos de esclarecimento sobre esta proposta de altera\u00e7\u00e3o do referido plano de pormenor. Os documentos relativos \u00e0 altera\u00e7\u00e3o est\u00e3o dispon\u00edveis em www.cm-olb.pt e no Gabinete de Planeamento do Munic\u00edpio.<\/p>\n","protected":false},"excerpt":{"rendered":"<p>Breve<\/p>\n","protected":false},"author":1,"featured_media":0,"comment_status":"open","ping_status":"open","sticky":false,"template":"","format":"standard","meta":{"footnotes":""},"categories":[45],"tags":[],"class_list":["post-19128","post","type-post","status-publish","format-standard","hentry","category-regioes"],"_links":{"self":[{"href":"https:\/\/sites.ecclesia.pt\/cv\/wp-json\/wp\/v2\/posts\/19128","targetHints":{"allow":["GET"]}}],"collection":[{"href":"https:\/\/sites.ecclesia.pt\/cv\/wp-json\/wp\/v2\/posts"}],"about":[{"href":"https:\/\/sites.ecclesia.pt\/cv\/wp-json\/wp\/v2\/types\/post"}],"author":[{"embeddable":true,"href":"https:\/\/sites.ecclesia.pt\/cv\/wp-json\/wp\/v2\/users\/1"}],"replies":[{"embeddable":true,"href":"https:\/\/sites.ecclesia.pt\/cv\/wp-json\/wp\/v2\/comments?post=19128"}],"version-history":[{"count":0,"href":"https:\/\/sites.ecclesia.pt\/cv\/wp-json\/wp\/v2\/posts\/19128\/revisions"}],"wp:attachment":[{"href":"https:\/\/sites.ecclesia.pt\/cv\/wp-json\/wp\/v2\/media?parent=19128"}],"wp:term":[{"taxonomy":"category","embeddable":true,"href":"https:\/\/sites.ecclesia.pt\/cv\/wp-json\/wp\/v2\/categories?post=19128"},{"taxonomy":"post_tag","embeddable":true,"href":"https:\/\/sites.ecclesia.pt\/cv\/wp-json\/wp\/v2\/tags?post=19128"}],"curies":[{"name":"wp","href":"https:\/\/api.w.org\/{rel}","templated":true}]}}