{"id":19201,"date":"2012-02-09T09:59:00","date_gmt":"2012-02-09T09:59:00","guid":{"rendered":"http:\/\/localhost:81\/wp1\/?p=19201"},"modified":"2012-02-09T09:59:00","modified_gmt":"2012-02-09T09:59:00","slug":"bispo-de-aveiro-117","status":"publish","type":"post","link":"https:\/\/sites.ecclesia.pt\/cv\/bispo-de-aveiro-117\/","title":{"rendered":"Bispo de Aveiro"},"content":{"rendered":"<p>De 2 a 5 de fevereiro:<\/p>\n<p>D. Ant\u00f3nio Francisco esteve em visita pastoral \u00e0 par\u00f3quia de Fonte de Ange\u00e3o.<\/p>\n<p>Dia 2:<\/p>\n<p>Celebrou a Eucaristia na S\u00e9, no dia da Apresenta\u00e7\u00e3o do Senhor.<\/p>\n<p>Dia 3:<\/p>\n<p>Participou no anivers\u00e1rio do Centro Social Vera Cruz.<\/p>\n<p>Dia 5:<\/p>\n<p>Celebrou a Eucaristia de encerramento da visita pastoral \u00e0 par\u00f3quia de Fonte de Ange\u00e3o.<\/p>\n<p>De 6 a 9:<\/p>\n<p>Participa nas Jornadas de Forma\u00e7\u00e3o do Clero em Albergaria-a-Velha.<\/p>\n<p>Dia 10:<\/p>\n<p>Reunir\u00e1 com os diretores das Escolas Cat\u00f3licas em Lisboa; participar\u00e1, em Vagos, no ciclo de confer\u00eancias que integram a visita pastoral.<\/p>\n<p>Dia 11:<\/p>\n<p>Celebrar\u00e1 a Eucaristia e o sacramento do Crisma na par\u00f3quia de Valongo do Vouga<\/p>\n<p>Dia 12:<\/p>\n<p>Participar\u00e1 na inaugura\u00e7\u00e3o das obras do Centro Social da Borralha.<\/p>\n<p>Dia 14:<\/p>\n<p>Reunir\u00e1 em Aveiro com os Bispos da Prov\u00edncia Eclesi\u00e1stica de Braga.<\/p>\n<p>Dia 15:<\/p>\n<p>Reunir\u00e1 com o Secretariado das Escolas Cat\u00f3lica.<\/p>\n","protected":false},"excerpt":{"rendered":"<p>De 2 a 5 de fevereiro: D. Ant\u00f3nio Francisco esteve em visita pastoral \u00e0 par\u00f3quia de Fonte de Ange\u00e3o. Dia 2: Celebrou a Eucaristia na S\u00e9, no dia da Apresenta\u00e7\u00e3o do Senhor. Dia 3: Participou no anivers\u00e1rio do Centro Social Vera Cruz. Dia 5: Celebrou a Eucaristia de encerramento da visita pastoral \u00e0 par\u00f3quia de [&hellip;]<\/p>\n","protected":false},"author":1,"featured_media":0,"comment_status":"open","ping_status":"open","sticky":false,"template":"","format":"standard","meta":{"footnotes":""},"categories":[70],"tags":[],"class_list":["post-19201","post","type-post","status-publish","format-standard","hentry","category-diocese"],"_links":{"self":[{"href":"https:\/\/sites.ecclesia.pt\/cv\/wp-json\/wp\/v2\/posts\/19201","targetHints":{"allow":["GET"]}}],"collection":[{"href":"https:\/\/sites.ecclesia.pt\/cv\/wp-json\/wp\/v2\/posts"}],"about":[{"href":"https:\/\/sites.ecclesia.pt\/cv\/wp-json\/wp\/v2\/types\/post"}],"author":[{"embeddable":true,"href":"https:\/\/sites.ecclesia.pt\/cv\/wp-json\/wp\/v2\/users\/1"}],"replies":[{"embeddable":true,"href":"https:\/\/sites.ecclesia.pt\/cv\/wp-json\/wp\/v2\/comments?post=19201"}],"version-history":[{"count":0,"href":"https:\/\/sites.ecclesia.pt\/cv\/wp-json\/wp\/v2\/posts\/19201\/revisions"}],"wp:attachment":[{"href":"https:\/\/sites.ecclesia.pt\/cv\/wp-json\/wp\/v2\/media?parent=19201"}],"wp:term":[{"taxonomy":"category","embeddable":true,"href":"https:\/\/sites.ecclesia.pt\/cv\/wp-json\/wp\/v2\/categories?post=19201"},{"taxonomy":"post_tag","embeddable":true,"href":"https:\/\/sites.ecclesia.pt\/cv\/wp-json\/wp\/v2\/tags?post=19201"}],"curies":[{"name":"wp","href":"https:\/\/api.w.org\/{rel}","templated":true}]}}