{"id":19202,"date":"2012-02-09T10:03:00","date_gmt":"2012-02-09T10:03:00","guid":{"rendered":"http:\/\/localhost:81\/wp1\/?p=19202"},"modified":"2012-02-09T10:03:00","modified_gmt":"2012-02-09T10:03:00","slug":"adro-da-se-vai-perder-arvore","status":"publish","type":"post","link":"https:\/\/sites.ecclesia.pt\/cv\/adro-da-se-vai-perder-arvore\/","title":{"rendered":"Adro da S\u00e9 vai perder \u00e1rvore"},"content":{"rendered":"<p>O pavimento do adro da S\u00e9 de Aveiro vai sofrer algumas repara\u00e7\u00f5es por causa dos estragos que as ra\u00edzes das \u00e1rvores t\u00eam vindo a fazer. Uma das quatro \u00e1rvores ser\u00e1 retirada (a mais distante da porta do templo), os canteiros v\u00e3o crescer em comprimento e as placas de pavimento danificadas ser\u00e3o substitu\u00eddas. As obras, a cargo da C\u00e2mara Municipal de Aveiro, ser\u00e3o levadas a cabo nos pr\u00f3ximos dias, depois do diagn\u00f3stico realizado na segunda-feira.<\/p>\n","protected":false},"excerpt":{"rendered":"<p>O pavimento do adro da S\u00e9 de Aveiro vai sofrer algumas repara\u00e7\u00f5es por causa dos estragos que as ra\u00edzes das \u00e1rvores t\u00eam vindo a fazer. Uma das quatro \u00e1rvores ser\u00e1 retirada (a mais distante da porta do templo), os canteiros v\u00e3o crescer em comprimento e as placas de pavimento danificadas ser\u00e3o substitu\u00eddas. As obras, a [&hellip;]<\/p>\n","protected":false},"author":1,"featured_media":0,"comment_status":"open","ping_status":"open","sticky":false,"template":"","format":"standard","meta":{"footnotes":""},"categories":[70],"tags":[],"class_list":["post-19202","post","type-post","status-publish","format-standard","hentry","category-diocese"],"_links":{"self":[{"href":"https:\/\/sites.ecclesia.pt\/cv\/wp-json\/wp\/v2\/posts\/19202","targetHints":{"allow":["GET"]}}],"collection":[{"href":"https:\/\/sites.ecclesia.pt\/cv\/wp-json\/wp\/v2\/posts"}],"about":[{"href":"https:\/\/sites.ecclesia.pt\/cv\/wp-json\/wp\/v2\/types\/post"}],"author":[{"embeddable":true,"href":"https:\/\/sites.ecclesia.pt\/cv\/wp-json\/wp\/v2\/users\/1"}],"replies":[{"embeddable":true,"href":"https:\/\/sites.ecclesia.pt\/cv\/wp-json\/wp\/v2\/comments?post=19202"}],"version-history":[{"count":0,"href":"https:\/\/sites.ecclesia.pt\/cv\/wp-json\/wp\/v2\/posts\/19202\/revisions"}],"wp:attachment":[{"href":"https:\/\/sites.ecclesia.pt\/cv\/wp-json\/wp\/v2\/media?parent=19202"}],"wp:term":[{"taxonomy":"category","embeddable":true,"href":"https:\/\/sites.ecclesia.pt\/cv\/wp-json\/wp\/v2\/categories?post=19202"},{"taxonomy":"post_tag","embeddable":true,"href":"https:\/\/sites.ecclesia.pt\/cv\/wp-json\/wp\/v2\/tags?post=19202"}],"curies":[{"name":"wp","href":"https:\/\/api.w.org\/{rel}","templated":true}]}}