{"id":19203,"date":"2012-02-09T10:15:00","date_gmt":"2012-02-09T10:15:00","guid":{"rendered":"http:\/\/localhost:81\/wp1\/?p=19203"},"modified":"2012-02-09T10:15:00","modified_gmt":"2012-02-09T10:15:00","slug":"p-e-joao-seabra-fala-no-centro-universitario","status":"publish","type":"post","link":"https:\/\/sites.ecclesia.pt\/cv\/p-e-joao-seabra-fala-no-centro-universitario\/","title":{"rendered":"P.e Jo\u00e3o Seabra fala no Centro Universit\u00e1rio"},"content":{"rendered":"<p>\u201cDesafios que se p\u00f5em \u00e0 Pastoral Universit\u00e1ria\u201d \u00e9 o tema em foco na confer\u00eancia do P.e Jo\u00e3o Seabra, no dia 14 de fevereiro, no CUFC (Centro Universit\u00e1rio F\u00e9 e Cultura).<\/p>\n<p>O padre da diocese de Lisboa, p\u00e1roco e professor, ligado ao movimento Comunh\u00e3o e Liberta\u00e7\u00e3o \u00e9 o segundo convidado de um ciclo de confer\u00eancias que est\u00e1 a comemorar os 25 anos do CUFC. A sess\u00e3o, \u00e0s 21h30, ser\u00e1 moderada por D. Ant\u00f3nio Marcelino. No dia 28 de fevereiro, o palestrante ser\u00e1 o P.e Ant\u00f3nio Vaz Pinto, s.j.<\/p>\n","protected":false},"excerpt":{"rendered":"<p>\u201cDesafios que se p\u00f5em \u00e0 Pastoral Universit\u00e1ria\u201d \u00e9 o tema em foco na confer\u00eancia do P.e Jo\u00e3o Seabra, no dia 14 de fevereiro, no CUFC (Centro Universit\u00e1rio F\u00e9 e Cultura). O padre da diocese de Lisboa, p\u00e1roco e professor, ligado ao movimento Comunh\u00e3o e Liberta\u00e7\u00e3o \u00e9 o segundo convidado de um ciclo de confer\u00eancias que [&hellip;]<\/p>\n","protected":false},"author":1,"featured_media":0,"comment_status":"open","ping_status":"open","sticky":false,"template":"","format":"standard","meta":{"footnotes":""},"categories":[70],"tags":[],"class_list":["post-19203","post","type-post","status-publish","format-standard","hentry","category-diocese"],"_links":{"self":[{"href":"https:\/\/sites.ecclesia.pt\/cv\/wp-json\/wp\/v2\/posts\/19203","targetHints":{"allow":["GET"]}}],"collection":[{"href":"https:\/\/sites.ecclesia.pt\/cv\/wp-json\/wp\/v2\/posts"}],"about":[{"href":"https:\/\/sites.ecclesia.pt\/cv\/wp-json\/wp\/v2\/types\/post"}],"author":[{"embeddable":true,"href":"https:\/\/sites.ecclesia.pt\/cv\/wp-json\/wp\/v2\/users\/1"}],"replies":[{"embeddable":true,"href":"https:\/\/sites.ecclesia.pt\/cv\/wp-json\/wp\/v2\/comments?post=19203"}],"version-history":[{"count":0,"href":"https:\/\/sites.ecclesia.pt\/cv\/wp-json\/wp\/v2\/posts\/19203\/revisions"}],"wp:attachment":[{"href":"https:\/\/sites.ecclesia.pt\/cv\/wp-json\/wp\/v2\/media?parent=19203"}],"wp:term":[{"taxonomy":"category","embeddable":true,"href":"https:\/\/sites.ecclesia.pt\/cv\/wp-json\/wp\/v2\/categories?post=19203"},{"taxonomy":"post_tag","embeddable":true,"href":"https:\/\/sites.ecclesia.pt\/cv\/wp-json\/wp\/v2\/tags?post=19203"}],"curies":[{"name":"wp","href":"https:\/\/api.w.org\/{rel}","templated":true}]}}