{"id":19204,"date":"2012-02-09T10:16:00","date_gmt":"2012-02-09T10:16:00","guid":{"rendered":"http:\/\/localhost:81\/wp1\/?p=19204"},"modified":"2012-02-09T10:16:00","modified_gmt":"2012-02-09T10:16:00","slug":"doutor-antonio-capao-de-luto","status":"publish","type":"post","link":"https:\/\/sites.ecclesia.pt\/cv\/doutor-antonio-capao-de-luto\/","title":{"rendered":"Doutor Ant\u00f3nio Cap\u00e3o de luto"},"content":{"rendered":"<p>Faleceu no dia 3 de fevereiro, D.\u00aa Armanda da Concei\u00e7\u00e3o Vidal Cap\u00e3o, esposa de Ant\u00f3nio Cap\u00e3o, que durante v\u00e1rios anos foi professor no Semin\u00e1rio de Aveiro e colaborador deste jornal e \u00e9 atualmente diretor do Museu da Palha\u00e7a.<\/p>\n<p>A missa de s\u00e9timo dia ser\u00e1 celebrada no pr\u00f3ximo s\u00e1bado, \u00e0s 18h, na Igreja Paroquial da Palha\u00e7a. Ao Doutor Ant\u00f3nio Cap\u00e3o e fam\u00edlia, o Correio do Vouga endere\u00e7a os mais sentidos p\u00easames.<\/p>\n","protected":false},"excerpt":{"rendered":"<p>Faleceu no dia 3 de fevereiro, D.\u00aa Armanda da Concei\u00e7\u00e3o Vidal Cap\u00e3o, esposa de Ant\u00f3nio Cap\u00e3o, que durante v\u00e1rios anos foi professor no Semin\u00e1rio de Aveiro e colaborador deste jornal e \u00e9 atualmente diretor do Museu da Palha\u00e7a. A missa de s\u00e9timo dia ser\u00e1 celebrada no pr\u00f3ximo s\u00e1bado, \u00e0s 18h, na Igreja Paroquial da Palha\u00e7a. [&hellip;]<\/p>\n","protected":false},"author":1,"featured_media":0,"comment_status":"open","ping_status":"open","sticky":false,"template":"","format":"standard","meta":{"footnotes":""},"categories":[70],"tags":[],"class_list":["post-19204","post","type-post","status-publish","format-standard","hentry","category-diocese"],"_links":{"self":[{"href":"https:\/\/sites.ecclesia.pt\/cv\/wp-json\/wp\/v2\/posts\/19204","targetHints":{"allow":["GET"]}}],"collection":[{"href":"https:\/\/sites.ecclesia.pt\/cv\/wp-json\/wp\/v2\/posts"}],"about":[{"href":"https:\/\/sites.ecclesia.pt\/cv\/wp-json\/wp\/v2\/types\/post"}],"author":[{"embeddable":true,"href":"https:\/\/sites.ecclesia.pt\/cv\/wp-json\/wp\/v2\/users\/1"}],"replies":[{"embeddable":true,"href":"https:\/\/sites.ecclesia.pt\/cv\/wp-json\/wp\/v2\/comments?post=19204"}],"version-history":[{"count":0,"href":"https:\/\/sites.ecclesia.pt\/cv\/wp-json\/wp\/v2\/posts\/19204\/revisions"}],"wp:attachment":[{"href":"https:\/\/sites.ecclesia.pt\/cv\/wp-json\/wp\/v2\/media?parent=19204"}],"wp:term":[{"taxonomy":"category","embeddable":true,"href":"https:\/\/sites.ecclesia.pt\/cv\/wp-json\/wp\/v2\/categories?post=19204"},{"taxonomy":"post_tag","embeddable":true,"href":"https:\/\/sites.ecclesia.pt\/cv\/wp-json\/wp\/v2\/tags?post=19204"}],"curies":[{"name":"wp","href":"https:\/\/api.w.org\/{rel}","templated":true}]}}