{"id":19205,"date":"2012-02-09T10:18:00","date_gmt":"2012-02-09T10:18:00","guid":{"rendered":"http:\/\/localhost:81\/wp1\/?p=19205"},"modified":"2012-02-09T10:18:00","modified_gmt":"2012-02-09T10:18:00","slug":"catequeses-sobre-familia-trabalho-e-festa","status":"publish","type":"post","link":"https:\/\/sites.ecclesia.pt\/cv\/catequeses-sobre-familia-trabalho-e-festa\/","title":{"rendered":"Catequeses sobre fam\u00edlia, trabalho e festa"},"content":{"rendered":"<p>Tudo em fam\u00edlia <!--more--> De 30 de maio a 3 de junho de 2012, a cidade de Mil\u00e3o, na It\u00e1lia, vai acolher o VII Encontro Mundial das Fam\u00edlias, com a presen\u00e7a de Bento XVI. O encontro ter\u00e1 como tema \u201cA fam\u00edlia: o trabalho e a festa\u201d.<\/p>\n<p>Para ajudar a preparar o encontro e, mais do que isso, para ajudar as fam\u00edlias, foram elaboradas dez catequeses preparat\u00f3rias: O segredo de Nazar\u00e9; A fam\u00edlia gera a vida; A fam\u00edlia vive a prova\u00e7\u00e3o; A fam\u00edlia anima a sociedade; O trabalho e a festa na fam\u00edlia; O trabalho, recurso para a fam\u00edlia; O trabalho, desafio para a fam\u00edlia; A festa, tempo para a fam\u00edlia; A festa, tempo para o Senhor; A festa, tempo para a comunidade. <\/p>\n<p>As catequeses est\u00e3o dispon\u00edveis em portugu\u00eas na Internet, no s\u00edtio oficial do encontro, www.family2012.com, e tamb\u00e9m num livro da Gr\u00e1fica da Coimbra.<\/p>\n","protected":false},"excerpt":{"rendered":"<p>Tudo em fam\u00edlia<\/p>\n","protected":false},"author":1,"featured_media":0,"comment_status":"open","ping_status":"open","sticky":false,"template":"","format":"standard","meta":{"footnotes":""},"categories":[70],"tags":[],"class_list":["post-19205","post","type-post","status-publish","format-standard","hentry","category-diocese"],"_links":{"self":[{"href":"https:\/\/sites.ecclesia.pt\/cv\/wp-json\/wp\/v2\/posts\/19205","targetHints":{"allow":["GET"]}}],"collection":[{"href":"https:\/\/sites.ecclesia.pt\/cv\/wp-json\/wp\/v2\/posts"}],"about":[{"href":"https:\/\/sites.ecclesia.pt\/cv\/wp-json\/wp\/v2\/types\/post"}],"author":[{"embeddable":true,"href":"https:\/\/sites.ecclesia.pt\/cv\/wp-json\/wp\/v2\/users\/1"}],"replies":[{"embeddable":true,"href":"https:\/\/sites.ecclesia.pt\/cv\/wp-json\/wp\/v2\/comments?post=19205"}],"version-history":[{"count":0,"href":"https:\/\/sites.ecclesia.pt\/cv\/wp-json\/wp\/v2\/posts\/19205\/revisions"}],"wp:attachment":[{"href":"https:\/\/sites.ecclesia.pt\/cv\/wp-json\/wp\/v2\/media?parent=19205"}],"wp:term":[{"taxonomy":"category","embeddable":true,"href":"https:\/\/sites.ecclesia.pt\/cv\/wp-json\/wp\/v2\/categories?post=19205"},{"taxonomy":"post_tag","embeddable":true,"href":"https:\/\/sites.ecclesia.pt\/cv\/wp-json\/wp\/v2\/tags?post=19205"}],"curies":[{"name":"wp","href":"https:\/\/api.w.org\/{rel}","templated":true}]}}