{"id":19206,"date":"2012-02-09T10:24:00","date_gmt":"2012-02-09T10:24:00","guid":{"rendered":"http:\/\/localhost:81\/wp1\/?p=19206"},"modified":"2012-02-09T10:24:00","modified_gmt":"2012-02-09T10:24:00","slug":"rostos-e-palavras-8","status":"publish","type":"post","link":"https:\/\/sites.ecclesia.pt\/cv\/rostos-e-palavras-8\/","title":{"rendered":"Rostos e Palavras"},"content":{"rendered":"<p>\u201cAinda que os resultados sejam mais negativos do que pensamos, ser\u00e3o sempre motivo de esperan\u00e7a e constituir\u00e3o um desafio para um trabalho que poder\u00e1 ter de ser diferente, por exemplo ao n\u00edvel da distribui\u00e7\u00e3o dos padres\u201d. <\/p>\n<p>D. Il\u00eddio Leandro, bispo de Viseu, comentando o recenseamento dos cat\u00f3licos que v\u00e3o \u00e0 missa, realizado nas par\u00f3quias da sua diocese no \u00faltimo domingo. Os resultados ser\u00e3o divulgados no final de mar\u00e7o.<\/p>\n","protected":false},"excerpt":{"rendered":"<p>\u201cAinda que os resultados sejam mais negativos do que pensamos, ser\u00e3o sempre motivo de esperan\u00e7a e constituir\u00e3o um desafio para um trabalho que poder\u00e1 ter de ser diferente, por exemplo ao n\u00edvel da distribui\u00e7\u00e3o dos padres\u201d. D. Il\u00eddio Leandro, bispo de Viseu, comentando o recenseamento dos cat\u00f3licos que v\u00e3o \u00e0 missa, realizado nas par\u00f3quias da [&hellip;]<\/p>\n","protected":false},"author":1,"featured_media":0,"comment_status":"open","ping_status":"open","sticky":false,"template":"","format":"standard","meta":{"footnotes":""},"categories":[53],"tags":[],"class_list":["post-19206","post","type-post","status-publish","format-standard","hentry","category-igreja-em-portugal"],"_links":{"self":[{"href":"https:\/\/sites.ecclesia.pt\/cv\/wp-json\/wp\/v2\/posts\/19206","targetHints":{"allow":["GET"]}}],"collection":[{"href":"https:\/\/sites.ecclesia.pt\/cv\/wp-json\/wp\/v2\/posts"}],"about":[{"href":"https:\/\/sites.ecclesia.pt\/cv\/wp-json\/wp\/v2\/types\/post"}],"author":[{"embeddable":true,"href":"https:\/\/sites.ecclesia.pt\/cv\/wp-json\/wp\/v2\/users\/1"}],"replies":[{"embeddable":true,"href":"https:\/\/sites.ecclesia.pt\/cv\/wp-json\/wp\/v2\/comments?post=19206"}],"version-history":[{"count":0,"href":"https:\/\/sites.ecclesia.pt\/cv\/wp-json\/wp\/v2\/posts\/19206\/revisions"}],"wp:attachment":[{"href":"https:\/\/sites.ecclesia.pt\/cv\/wp-json\/wp\/v2\/media?parent=19206"}],"wp:term":[{"taxonomy":"category","embeddable":true,"href":"https:\/\/sites.ecclesia.pt\/cv\/wp-json\/wp\/v2\/categories?post=19206"},{"taxonomy":"post_tag","embeddable":true,"href":"https:\/\/sites.ecclesia.pt\/cv\/wp-json\/wp\/v2\/tags?post=19206"}],"curies":[{"name":"wp","href":"https:\/\/api.w.org\/{rel}","templated":true}]}}