{"id":19207,"date":"2012-02-09T10:25:00","date_gmt":"2012-02-09T10:25:00","guid":{"rendered":"http:\/\/localhost:81\/wp1\/?p=19207"},"modified":"2012-02-09T10:25:00","modified_gmt":"2012-02-09T10:25:00","slug":"papa-apela-a-defesa-da-vida-humana","status":"publish","type":"post","link":"https:\/\/sites.ecclesia.pt\/cv\/papa-apela-a-defesa-da-vida-humana\/","title":{"rendered":"Papa apela \u00e0 defesa da vida humana"},"content":{"rendered":"<p>Bento XVI saudou os jovens que defendem a vida. Na proximidade do Dia do Doente, afirmou que f\u00e9 \u00e9 uma \u201catitude decisiva e de fundo\u201d para enfrentar a doen\u00e7a.<\/p>\n<p>Bento XVI apelou \u00e0 defesa da vida humana, \u201cem todas as fases e condi\u00e7\u00f5es da exist\u00eancia\u201d, associando-se \u00e0 jornada convocada pelos bispos italianos, por esta causa. \u201cA verdadeira juventude realiza-se no acolhimento, no amor e no servi\u00e7o \u00e0 vida\u201d, disse o Papa, ap\u00f3s a ora\u00e7\u00e3o do Angelus, desde a janela do seu apartamento, sobre a Pra\u00e7a de S\u00e3o Pedro, no domingo passado.<\/p>\n<p>A iniciativa da Confer\u00eancia Episcopal Italiana teve como tema, este ano, \u201cJovens abertos \u00e0 vida\u201d. Ainda com vest\u00edgios da neve que caiu sobre o Estado do Vaticano, membros das associa\u00e7\u00f5es \u201cJovens por Roma\u201d e \u201cSalva mam\u00e3s\u201d fizeram um cord\u00e3o humano, para assinalar a jornada pela vida.<\/p>\n<p>Bento XVI saudou, por outro lado, o encontro promovido este s\u00e1bado pelas escolas de Obstetr\u00edcia e Ginecologia das universidades romanas, dedicado ao tema \u201cPromo\u00e7\u00e3o e tutela da vida humana nascente\u201d.<\/p>\n<p>Dia Mundial do Doente<\/p>\n<p>Na catequese e sauda\u00e7\u00f5es que pronunciou em v\u00e1rias l\u00ednguas, o Papa antecipou a celebra\u00e7\u00e3o do Dia Mundial do Doente, a 11 deste m\u00eas, frisando que \u201cas doen\u00e7as s\u00e3o um sinal da a\u00e7\u00e3o do Mal no mundo\u201d e que, nos Evangelhos, \u201ca liberta\u00e7\u00e3o das doen\u00e7as e enfermidades constituiu, juntamente com a prega\u00e7\u00e3o, a principal atividade de Jesus\u201d.<\/p>\n<p>\u201cContinua a ser verdade que a doen\u00e7a \u00e9 uma condi\u00e7\u00e3o tipicamente humana, na qual experimentamos fortemente que n\u00e3o somos autossuficientes, mas temos necessidade dos outros\u201d, acrescentou, pelo que a mesma \u201cpode ser um momento salutar, paradoxalmente, no qual se pode experimentar a aten\u00e7\u00e3o dos outros\u201d.<\/p>\n<p>Bento XVI admitiu, contudo, que a doen\u00e7a pode ser uma \u201cprova\u201d longa e que quando a cura n\u00e3o surge a exist\u00eancia \u201cdeprime-se e desumaniza-se\u201d, como um \u201cataque do Mal\u201d. A resposta, precisou, passa pelos \u201ctratamentos adequados\u201d que os avan\u00e7os \u201cgigantes\u201d da medicina proporcionam, mas sobretudo com \u201cf\u00e9 em Deus, na sua bondade\u201d. O Papa assinalou que essa f\u00e9 \u00e9 uma \u201catitude decisiva e de fundo\u201d para enfrentar a doen\u00e7a, rezando em particular \u201cpelas situa\u00e7\u00f5es de maior sofrimento e abandono\u201d.<\/p>\n<p>\u201cFa\u00e7amos tamb\u00e9m n\u00f3s como as pessoas do tempo de Jesus: espiritualmente, apresentemos-lhe todos os doentes, confiantes de que Ele pode e quer cur\u00e1-los\u201d, pediu.<\/p>\n","protected":false},"excerpt":{"rendered":"<p>Bento XVI saudou os jovens que defendem a vida. Na proximidade do Dia do Doente, afirmou que f\u00e9 \u00e9 uma \u201catitude decisiva e de fundo\u201d para enfrentar a doen\u00e7a. Bento XVI apelou \u00e0 defesa da vida humana, \u201cem todas as fases e condi\u00e7\u00f5es da exist\u00eancia\u201d, associando-se \u00e0 jornada convocada pelos bispos italianos, por esta causa. [&hellip;]<\/p>\n","protected":false},"author":1,"featured_media":0,"comment_status":"open","ping_status":"open","sticky":false,"template":"","format":"standard","meta":{"footnotes":""},"categories":[55],"tags":[],"class_list":["post-19207","post","type-post","status-publish","format-standard","hentry","category-igreja-no-mundo"],"_links":{"self":[{"href":"https:\/\/sites.ecclesia.pt\/cv\/wp-json\/wp\/v2\/posts\/19207","targetHints":{"allow":["GET"]}}],"collection":[{"href":"https:\/\/sites.ecclesia.pt\/cv\/wp-json\/wp\/v2\/posts"}],"about":[{"href":"https:\/\/sites.ecclesia.pt\/cv\/wp-json\/wp\/v2\/types\/post"}],"author":[{"embeddable":true,"href":"https:\/\/sites.ecclesia.pt\/cv\/wp-json\/wp\/v2\/users\/1"}],"replies":[{"embeddable":true,"href":"https:\/\/sites.ecclesia.pt\/cv\/wp-json\/wp\/v2\/comments?post=19207"}],"version-history":[{"count":0,"href":"https:\/\/sites.ecclesia.pt\/cv\/wp-json\/wp\/v2\/posts\/19207\/revisions"}],"wp:attachment":[{"href":"https:\/\/sites.ecclesia.pt\/cv\/wp-json\/wp\/v2\/media?parent=19207"}],"wp:term":[{"taxonomy":"category","embeddable":true,"href":"https:\/\/sites.ecclesia.pt\/cv\/wp-json\/wp\/v2\/categories?post=19207"},{"taxonomy":"post_tag","embeddable":true,"href":"https:\/\/sites.ecclesia.pt\/cv\/wp-json\/wp\/v2\/tags?post=19207"}],"curies":[{"name":"wp","href":"https:\/\/api.w.org\/{rel}","templated":true}]}}