{"id":19208,"date":"2012-02-09T10:27:00","date_gmt":"2012-02-09T10:27:00","guid":{"rendered":"http:\/\/localhost:81\/wp1\/?p=19208"},"modified":"2012-02-09T10:27:00","modified_gmt":"2012-02-09T10:27:00","slug":"jornal-do-vaticano-elogia-simetria-na-eliminacao-de-feriados","status":"publish","type":"post","link":"https:\/\/sites.ecclesia.pt\/cv\/jornal-do-vaticano-elogia-simetria-na-eliminacao-de-feriados\/","title":{"rendered":"Jornal do Vaticano elogia &#8220;simetria&#8221; na elimina\u00e7\u00e3o de feriados"},"content":{"rendered":"<p>O jornal do Vaticano destaca na sua edi\u00e7\u00e3o de s\u00e1bado, 4 de fevereiro, a \u201csimetria\u201d na elimina\u00e7\u00e3o de feriados religiosos e civis, em Portugal, decis\u00e3o confirmada pelo Governo ap\u00f3s a \u00faltima reuni\u00e3o de Conselho de Ministros. \u201cTrata-se de cooperar, Estado e Igreja, para o bem do pa\u00eds numa fase particularmente dif\u00edcil na vida social\u201d, indica o artigo do \u201cOsservatore Romano\u201d.<\/p>\n<p>Segundo o quotidiano, \u201co aumento do n\u00famero de dias de trabalho \u00e9 uma necessidade imposta pela crise econ\u00f3mica internacional, que colocou Portugal entre os pa\u00edses europeus mais expostos\u201d.<\/p>\n","protected":false},"excerpt":{"rendered":"<p>O jornal do Vaticano destaca na sua edi\u00e7\u00e3o de s\u00e1bado, 4 de fevereiro, a \u201csimetria\u201d na elimina\u00e7\u00e3o de feriados religiosos e civis, em Portugal, decis\u00e3o confirmada pelo Governo ap\u00f3s a \u00faltima reuni\u00e3o de Conselho de Ministros. \u201cTrata-se de cooperar, Estado e Igreja, para o bem do pa\u00eds numa fase particularmente dif\u00edcil na vida social\u201d, indica [&hellip;]<\/p>\n","protected":false},"author":1,"featured_media":0,"comment_status":"open","ping_status":"open","sticky":false,"template":"","format":"standard","meta":{"footnotes":""},"categories":[55],"tags":[],"class_list":["post-19208","post","type-post","status-publish","format-standard","hentry","category-igreja-no-mundo"],"_links":{"self":[{"href":"https:\/\/sites.ecclesia.pt\/cv\/wp-json\/wp\/v2\/posts\/19208","targetHints":{"allow":["GET"]}}],"collection":[{"href":"https:\/\/sites.ecclesia.pt\/cv\/wp-json\/wp\/v2\/posts"}],"about":[{"href":"https:\/\/sites.ecclesia.pt\/cv\/wp-json\/wp\/v2\/types\/post"}],"author":[{"embeddable":true,"href":"https:\/\/sites.ecclesia.pt\/cv\/wp-json\/wp\/v2\/users\/1"}],"replies":[{"embeddable":true,"href":"https:\/\/sites.ecclesia.pt\/cv\/wp-json\/wp\/v2\/comments?post=19208"}],"version-history":[{"count":0,"href":"https:\/\/sites.ecclesia.pt\/cv\/wp-json\/wp\/v2\/posts\/19208\/revisions"}],"wp:attachment":[{"href":"https:\/\/sites.ecclesia.pt\/cv\/wp-json\/wp\/v2\/media?parent=19208"}],"wp:term":[{"taxonomy":"category","embeddable":true,"href":"https:\/\/sites.ecclesia.pt\/cv\/wp-json\/wp\/v2\/categories?post=19208"},{"taxonomy":"post_tag","embeddable":true,"href":"https:\/\/sites.ecclesia.pt\/cv\/wp-json\/wp\/v2\/tags?post=19208"}],"curies":[{"name":"wp","href":"https:\/\/api.w.org\/{rel}","templated":true}]}}