{"id":19222,"date":"2012-02-09T10:24:00","date_gmt":"2012-02-09T10:24:00","guid":{"rendered":"http:\/\/localhost:81\/wp1\/?p=19222"},"modified":"2012-02-09T10:24:00","modified_gmt":"2012-02-09T10:24:00","slug":"rostos-e-palavras-9","status":"publish","type":"post","link":"https:\/\/sites.ecclesia.pt\/cv\/rostos-e-palavras-9\/","title":{"rendered":"Rostos e Palavras"},"content":{"rendered":"<p>A Universidade Cat\u00f3lica Portuguesa \u201cn\u00e3o \u00e9 apenas para cat\u00f3licos\u201d, mas tem por miss\u00e3o promover \u201cuma forma\u00e7\u00e3o e uma investiga\u00e7\u00e3o honesta e exigente, como servi\u00e7o \u00e0 humanidade, tendo sempre por base os princ\u00edpios da vis\u00e3o crist\u00e3 sobre o ser humano\u201d.<\/p>\n<p>D. Jorge Ortiga, arcebispo de Braga, assinalando no domingo passado o dia nacional da UCP.<\/p>\n","protected":false},"excerpt":{"rendered":"<p>A Universidade Cat\u00f3lica Portuguesa \u201cn\u00e3o \u00e9 apenas para cat\u00f3licos\u201d, mas tem por miss\u00e3o promover \u201cuma forma\u00e7\u00e3o e uma investiga\u00e7\u00e3o honesta e exigente, como servi\u00e7o \u00e0 humanidade, tendo sempre por base os princ\u00edpios da vis\u00e3o crist\u00e3 sobre o ser humano\u201d. D. Jorge Ortiga, arcebispo de Braga, assinalando no domingo passado o dia nacional da UCP.<\/p>\n","protected":false},"author":1,"featured_media":0,"comment_status":"open","ping_status":"open","sticky":false,"template":"","format":"standard","meta":{"footnotes":""},"categories":[53],"tags":[],"class_list":["post-19222","post","type-post","status-publish","format-standard","hentry","category-igreja-em-portugal"],"_links":{"self":[{"href":"https:\/\/sites.ecclesia.pt\/cv\/wp-json\/wp\/v2\/posts\/19222","targetHints":{"allow":["GET"]}}],"collection":[{"href":"https:\/\/sites.ecclesia.pt\/cv\/wp-json\/wp\/v2\/posts"}],"about":[{"href":"https:\/\/sites.ecclesia.pt\/cv\/wp-json\/wp\/v2\/types\/post"}],"author":[{"embeddable":true,"href":"https:\/\/sites.ecclesia.pt\/cv\/wp-json\/wp\/v2\/users\/1"}],"replies":[{"embeddable":true,"href":"https:\/\/sites.ecclesia.pt\/cv\/wp-json\/wp\/v2\/comments?post=19222"}],"version-history":[{"count":0,"href":"https:\/\/sites.ecclesia.pt\/cv\/wp-json\/wp\/v2\/posts\/19222\/revisions"}],"wp:attachment":[{"href":"https:\/\/sites.ecclesia.pt\/cv\/wp-json\/wp\/v2\/media?parent=19222"}],"wp:term":[{"taxonomy":"category","embeddable":true,"href":"https:\/\/sites.ecclesia.pt\/cv\/wp-json\/wp\/v2\/categories?post=19222"},{"taxonomy":"post_tag","embeddable":true,"href":"https:\/\/sites.ecclesia.pt\/cv\/wp-json\/wp\/v2\/tags?post=19222"}],"curies":[{"name":"wp","href":"https:\/\/api.w.org\/{rel}","templated":true}]}}