{"id":19231,"date":"2012-02-09T11:17:00","date_gmt":"2012-02-09T11:17:00","guid":{"rendered":"http:\/\/localhost:81\/wp1\/?p=19231"},"modified":"2012-02-09T11:17:00","modified_gmt":"2012-02-09T11:17:00","slug":"universitarios-apostam-na-continuidade-do-escutismo","status":"publish","type":"post","link":"https:\/\/sites.ecclesia.pt\/cv\/universitarios-apostam-na-continuidade-do-escutismo\/","title":{"rendered":"Universit\u00e1rios apostam na continuidade do escutismo"},"content":{"rendered":"<p>SCUA quer dizer Servi\u00e7o de Caminheiros da Universidade de Aveiro. \u00c9 um espa\u00e7o de partilha dos escuteiros de todo o pa\u00eds que frequentam a UA.<\/p>\n<p>Por iniciativa da Junta Regional de Aveiro e de membros da comunidade acad\u00e9mica da Universidade de Aveiro, est\u00e1 a ser recriado o SCUA &#8211; Servi\u00e7o de Caminheiros da Universidade de Aveiro. No passado dia 18 de janeiro, os SCUA reuniram-se no seu \u00abalbergue\u00bb, o Centro Universit\u00e1rio F\u00e9 e Cultura (CUFC).<\/p>\n<p>Nesta reuni\u00e3o, que foi j\u00e1 a terceira, esteve presente o assistente regional, P.e Manuel Augusto e nela se falou do regulamento que reger\u00e1 este grupo, das pr\u00f3ximas atividades, entre outros temas importantes para o desenvolvimento do grupo. Como em qualquer boa reuni\u00e3o de Escuteiros, n\u00e3o faltaram os jogos, os momentos de ora\u00e7\u00e3o e o conv\u00edvio fraterno.<\/p>\n<p>O SCUA pretende ser um espa\u00e7o de partilha de experi\u00eancias entre escuteiros de todo o pa\u00eds que se encontram a estudar em Aveiro. Os seus membros querem praticar o escutismo na sua vida quotidiana, atrav\u00e9s da participa\u00e7\u00e3o em a\u00e7\u00f5es de servi\u00e7o, programas de voluntariado, bem como desenvolver as suas compet\u00eancias, com ateli\u00eas espec\u00edficos. O SCUA re\u00fane j\u00e1 escuteiros das regi\u00f5es de Aveiro, Braga, Porto e Viseu.<\/p>\n<p>A equipa de anima\u00e7\u00e3o do SCUA, nomeada pela Junta Regional, \u00e9 constitu\u00edda pelo professor Lu\u00eds Sancho e pelo di\u00e1cono \u00c9lio Sim\u00f5es. O SCUA est\u00e1 presente no Facebook e \u00e9 atrav\u00e9s das redes sociais \u2013 virtuais ou reais \u2013 que se tem dado a conhecer aos estudantes.<\/p>\n<p> \u201c\u00c9 bom pertencer a grupos deste tipo onde se juntam pessoas que t\u00eam formas diferentes de viver o escutismo nos respetivos agrupamentos, com experi\u00eancias diferentes e poderem partilhar tudo isso num ambiente que \u00e9 prop\u00edcio a isso\u201d, afirma Filipe Airosa, do Agrupamento 1021 \u2013 Praia da Barra. \u201cAcho que \u00e9 um complemento muito \u00fatil \u00e0s atividades feitas pelos agrupamentos e \u00e0 forma\u00e7\u00e3o dos caminheiros\u201d, acrescenta outro Filipe, Santos, do 649 \u2013 Campia (Viseu).<\/p>\n<p>O CUFC, que este ano comemora o seu 25.\u00ba anivers\u00e1rio, acolheu de bra\u00e7os abertos esta iniciativa, na pessoa do seu respons\u00e1vel, o P.e Virg\u00edlio Maia. Os scuas preparam-se para participar ativamente nesta sua comunidade, participando, por exemplo, na anima\u00e7\u00e3o das eucaristias dominicais.<\/p>\n<p>Porqu\u00ea SCUA?<\/p>\n<p>\u00c0 boa maneira escutista, SCUA remete para um animal, o skua, ave mar\u00edtima das imedia\u00e7\u00f5es dos polos, principalmente o \u00c1rtico. Os skuas s\u00e3o aparentados com as gaivotas e os ma\u00e7aricos. <\/p>\n<p>Na primeira gera\u00e7\u00e3o SCUA, em 1998, algu\u00e9m se lembrou que a sigla tinha a mesma sonoridade que esta ave que n\u00e3o existe em Portugal. Com maior ou menor regularidade, o grupo persistiu no CUFC at\u00e9 2007.<\/p>\n","protected":false},"excerpt":{"rendered":"<p>SCUA quer dizer Servi\u00e7o de Caminheiros da Universidade de Aveiro. \u00c9 um espa\u00e7o de partilha dos escuteiros de todo o pa\u00eds que frequentam a UA. Por iniciativa da Junta Regional de Aveiro e de membros da comunidade acad\u00e9mica da Universidade de Aveiro, est\u00e1 a ser recriado o SCUA &#8211; Servi\u00e7o de Caminheiros da Universidade de [&hellip;]<\/p>\n","protected":false},"author":1,"featured_media":0,"comment_status":"open","ping_status":"open","sticky":false,"template":"","format":"standard","meta":{"footnotes":""},"categories":[51],"tags":[],"class_list":["post-19231","post","type-post","status-publish","format-standard","hentry","category-jovens"],"_links":{"self":[{"href":"https:\/\/sites.ecclesia.pt\/cv\/wp-json\/wp\/v2\/posts\/19231","targetHints":{"allow":["GET"]}}],"collection":[{"href":"https:\/\/sites.ecclesia.pt\/cv\/wp-json\/wp\/v2\/posts"}],"about":[{"href":"https:\/\/sites.ecclesia.pt\/cv\/wp-json\/wp\/v2\/types\/post"}],"author":[{"embeddable":true,"href":"https:\/\/sites.ecclesia.pt\/cv\/wp-json\/wp\/v2\/users\/1"}],"replies":[{"embeddable":true,"href":"https:\/\/sites.ecclesia.pt\/cv\/wp-json\/wp\/v2\/comments?post=19231"}],"version-history":[{"count":0,"href":"https:\/\/sites.ecclesia.pt\/cv\/wp-json\/wp\/v2\/posts\/19231\/revisions"}],"wp:attachment":[{"href":"https:\/\/sites.ecclesia.pt\/cv\/wp-json\/wp\/v2\/media?parent=19231"}],"wp:term":[{"taxonomy":"category","embeddable":true,"href":"https:\/\/sites.ecclesia.pt\/cv\/wp-json\/wp\/v2\/categories?post=19231"},{"taxonomy":"post_tag","embeddable":true,"href":"https:\/\/sites.ecclesia.pt\/cv\/wp-json\/wp\/v2\/tags?post=19231"}],"curies":[{"name":"wp","href":"https:\/\/api.w.org\/{rel}","templated":true}]}}