{"id":19265,"date":"2012-02-02T10:34:00","date_gmt":"2012-02-02T10:34:00","guid":{"rendered":"http:\/\/localhost:81\/wp1\/?p=19265"},"modified":"2012-02-02T10:34:00","modified_gmt":"2012-02-02T10:34:00","slug":"eles-disseram-2","status":"publish","type":"post","link":"https:\/\/sites.ecclesia.pt\/cv\/eles-disseram-2\/","title":{"rendered":"Eles disseram&#8230;"},"content":{"rendered":"<p>&#8230; sobre o autoconhecimento<\/p>\n<p>Quem conhece os outros \u00e9 s\u00e1bio. Quem se conhece a si mesmo \u00e9 iluminado.<\/p>\n<p>Lao-Ts\u00e9<\/p>\n<p>\u00c9 t\u00e3o dif\u00edcil observar-se a si mesmo quanto olhar para tr\u00e1s sem se voltar.<\/p>\n<p>Henry Thoreau<\/p>\n<p>Sabemos muito pouco o que somos e menos ainda o que podemos ser.<\/p>\n<p>Lord Byron <\/p>\n<p>Quem olha para fora, sonha. Quem olha para dentro, desperta.<\/p>\n<p>Carl Jung<\/p>\n<p>O que pensas de ti pr\u00f3prio \u00e9 muito mais importante do que o que os outros pensam de ti.<\/p>\n<p>S\u00e9neca<\/p>\n<p>Tentar definir-se \u00e9 como tentar morder o seu pr\u00f3prio dente.<\/p>\n<p>Alan Watts<\/p>\n","protected":false},"excerpt":{"rendered":"<p>&#8230; sobre o autoconhecimento Quem conhece os outros \u00e9 s\u00e1bio. Quem se conhece a si mesmo \u00e9 iluminado. Lao-Ts\u00e9 \u00c9 t\u00e3o dif\u00edcil observar-se a si mesmo quanto olhar para tr\u00e1s sem se voltar. Henry Thoreau Sabemos muito pouco o que somos e menos ainda o que podemos ser. Lord Byron Quem olha para fora, sonha. [&hellip;]<\/p>\n","protected":false},"author":1,"featured_media":0,"comment_status":"open","ping_status":"open","sticky":false,"template":"","format":"standard","meta":{"footnotes":""},"categories":[56],"tags":[],"class_list":["post-19265","post","type-post","status-publish","format-standard","hentry","category-almanaque"],"_links":{"self":[{"href":"https:\/\/sites.ecclesia.pt\/cv\/wp-json\/wp\/v2\/posts\/19265","targetHints":{"allow":["GET"]}}],"collection":[{"href":"https:\/\/sites.ecclesia.pt\/cv\/wp-json\/wp\/v2\/posts"}],"about":[{"href":"https:\/\/sites.ecclesia.pt\/cv\/wp-json\/wp\/v2\/types\/post"}],"author":[{"embeddable":true,"href":"https:\/\/sites.ecclesia.pt\/cv\/wp-json\/wp\/v2\/users\/1"}],"replies":[{"embeddable":true,"href":"https:\/\/sites.ecclesia.pt\/cv\/wp-json\/wp\/v2\/comments?post=19265"}],"version-history":[{"count":0,"href":"https:\/\/sites.ecclesia.pt\/cv\/wp-json\/wp\/v2\/posts\/19265\/revisions"}],"wp:attachment":[{"href":"https:\/\/sites.ecclesia.pt\/cv\/wp-json\/wp\/v2\/media?parent=19265"}],"wp:term":[{"taxonomy":"category","embeddable":true,"href":"https:\/\/sites.ecclesia.pt\/cv\/wp-json\/wp\/v2\/categories?post=19265"},{"taxonomy":"post_tag","embeddable":true,"href":"https:\/\/sites.ecclesia.pt\/cv\/wp-json\/wp\/v2\/tags?post=19265"}],"curies":[{"name":"wp","href":"https:\/\/api.w.org\/{rel}","templated":true}]}}