{"id":19268,"date":"2012-02-09T10:17:00","date_gmt":"2012-02-09T10:17:00","guid":{"rendered":"http:\/\/localhost:81\/wp1\/?p=19268"},"modified":"2012-02-09T10:17:00","modified_gmt":"2012-02-09T10:17:00","slug":"simposio-dedicado-a-familia","status":"publish","type":"post","link":"https:\/\/sites.ecclesia.pt\/cv\/simposio-dedicado-a-familia\/","title":{"rendered":"Simp\u00f3sio dedicado \u00e0 fam\u00edlia"},"content":{"rendered":"<p>Tudo em Fam\u00edlia <!--more--> Que futuro espera a fam\u00edlia? Como vislumbra esse futuro no presente, em face \u00e0s dificuldades, de variada \u00edndole, que \u00e9 chamada a enfrentar? Qual o perfil real das fam\u00edlias portuguesas? Estas e outras quest\u00f5es estar\u00e3o em foco no II Simp\u00f3sio F\u00e9 e Cultura, no dia 3 de mar\u00e7o, numa organiza\u00e7\u00e3o do ISCRA (Instituto Superior de Ci\u00eancias Religiosas de Aveiro).<\/p>\n<p>Tendo como tema de fundo \u201cA Fam\u00edlia ainda tem futuro?\u201d, o simp\u00f3sio inspira-se no Plano Pastoral da Diocese de Aveiro e est\u00e1 aberto \u00e0 participa\u00e7\u00e3o nacional de todas as pessoas interessadas, que dever\u00e3o formalizar a sua inscri\u00e7\u00e3o at\u00e9 ao pr\u00f3ximo dia 25 de fevereiro, na Secretaria do ISCRA ou atrav\u00e9s do s\u00edtio www.iscra.pt (tel.: 234 379 880; e-mail: iscra@netvisao.pt).<\/p>\n","protected":false},"excerpt":{"rendered":"<p>Tudo em Fam\u00edlia<\/p>\n","protected":false},"author":1,"featured_media":0,"comment_status":"open","ping_status":"open","sticky":false,"template":"","format":"standard","meta":{"footnotes":""},"categories":[70],"tags":[],"class_list":["post-19268","post","type-post","status-publish","format-standard","hentry","category-diocese"],"_links":{"self":[{"href":"https:\/\/sites.ecclesia.pt\/cv\/wp-json\/wp\/v2\/posts\/19268","targetHints":{"allow":["GET"]}}],"collection":[{"href":"https:\/\/sites.ecclesia.pt\/cv\/wp-json\/wp\/v2\/posts"}],"about":[{"href":"https:\/\/sites.ecclesia.pt\/cv\/wp-json\/wp\/v2\/types\/post"}],"author":[{"embeddable":true,"href":"https:\/\/sites.ecclesia.pt\/cv\/wp-json\/wp\/v2\/users\/1"}],"replies":[{"embeddable":true,"href":"https:\/\/sites.ecclesia.pt\/cv\/wp-json\/wp\/v2\/comments?post=19268"}],"version-history":[{"count":0,"href":"https:\/\/sites.ecclesia.pt\/cv\/wp-json\/wp\/v2\/posts\/19268\/revisions"}],"wp:attachment":[{"href":"https:\/\/sites.ecclesia.pt\/cv\/wp-json\/wp\/v2\/media?parent=19268"}],"wp:term":[{"taxonomy":"category","embeddable":true,"href":"https:\/\/sites.ecclesia.pt\/cv\/wp-json\/wp\/v2\/categories?post=19268"},{"taxonomy":"post_tag","embeddable":true,"href":"https:\/\/sites.ecclesia.pt\/cv\/wp-json\/wp\/v2\/tags?post=19268"}],"curies":[{"name":"wp","href":"https:\/\/api.w.org\/{rel}","templated":true}]}}