{"id":19302,"date":"2012-02-09T09:59:00","date_gmt":"2012-02-09T09:59:00","guid":{"rendered":"http:\/\/localhost:81\/wp1\/?p=19302"},"modified":"2012-02-09T09:59:00","modified_gmt":"2012-02-09T09:59:00","slug":"agenda-255","status":"publish","type":"post","link":"https:\/\/sites.ecclesia.pt\/cv\/agenda-255\/","title":{"rendered":"Agenda"},"content":{"rendered":"<p>Fevereiro<\/p>\n<p>6 a 9 \u2013 Jornadas de forma\u00e7\u00e3o permanente do clero, na Casa Diocesana<\/p>\n<p>7 &#8211; \u201cA catequese familiar: o que \u00e9 e como se pode projetar\u201d, confer\u00eancia de P.e Vasco Gon\u00e7alves, no Semin\u00e1rio de Aveiro, \u00e0s 21h30 <\/p>\n<p>14 \u2013 Confer\u00eancia sobre pastoral universit\u00e1ria, pelo P.e Jo\u00e3o Seabra, no CUFC, \u00e0s 21h30 <\/p>\n<p>15 \u2013 Encontro do movimento Vida Ascendente, \u00e0s 15h00, no Semin\u00e1rio de Aveiro<\/p>\n","protected":false},"excerpt":{"rendered":"<p>Fevereiro 6 a 9 \u2013 Jornadas de forma\u00e7\u00e3o permanente do clero, na Casa Diocesana 7 &#8211; \u201cA catequese familiar: o que \u00e9 e como se pode projetar\u201d, confer\u00eancia de P.e Vasco Gon\u00e7alves, no Semin\u00e1rio de Aveiro, \u00e0s 21h30 14 \u2013 Confer\u00eancia sobre pastoral universit\u00e1ria, pelo P.e Jo\u00e3o Seabra, no CUFC, \u00e0s 21h30 15 \u2013 Encontro [&hellip;]<\/p>\n","protected":false},"author":1,"featured_media":0,"comment_status":"open","ping_status":"open","sticky":false,"template":"","format":"standard","meta":{"footnotes":""},"categories":[70],"tags":[],"class_list":["post-19302","post","type-post","status-publish","format-standard","hentry","category-diocese"],"_links":{"self":[{"href":"https:\/\/sites.ecclesia.pt\/cv\/wp-json\/wp\/v2\/posts\/19302","targetHints":{"allow":["GET"]}}],"collection":[{"href":"https:\/\/sites.ecclesia.pt\/cv\/wp-json\/wp\/v2\/posts"}],"about":[{"href":"https:\/\/sites.ecclesia.pt\/cv\/wp-json\/wp\/v2\/types\/post"}],"author":[{"embeddable":true,"href":"https:\/\/sites.ecclesia.pt\/cv\/wp-json\/wp\/v2\/users\/1"}],"replies":[{"embeddable":true,"href":"https:\/\/sites.ecclesia.pt\/cv\/wp-json\/wp\/v2\/comments?post=19302"}],"version-history":[{"count":0,"href":"https:\/\/sites.ecclesia.pt\/cv\/wp-json\/wp\/v2\/posts\/19302\/revisions"}],"wp:attachment":[{"href":"https:\/\/sites.ecclesia.pt\/cv\/wp-json\/wp\/v2\/media?parent=19302"}],"wp:term":[{"taxonomy":"category","embeddable":true,"href":"https:\/\/sites.ecclesia.pt\/cv\/wp-json\/wp\/v2\/categories?post=19302"},{"taxonomy":"post_tag","embeddable":true,"href":"https:\/\/sites.ecclesia.pt\/cv\/wp-json\/wp\/v2\/tags?post=19302"}],"curies":[{"name":"wp","href":"https:\/\/api.w.org\/{rel}","templated":true}]}}