{"id":19334,"date":"2012-02-29T17:30:00","date_gmt":"2012-02-29T17:30:00","guid":{"rendered":"http:\/\/localhost:81\/wp1\/?p=19334"},"modified":"2012-02-29T17:30:00","modified_gmt":"2012-02-29T17:30:00","slug":"quaresma-papa-convida-a-humildade-diante-de-deus","status":"publish","type":"post","link":"https:\/\/sites.ecclesia.pt\/cv\/quaresma-papa-convida-a-humildade-diante-de-deus\/","title":{"rendered":"Quaresma: Papa convida \u00e0 humildade diante de Deus"},"content":{"rendered":"<p>Bento XVI presidiu a uma missa na Bas\u00edlica de Santa Sabina, em Roma, assinalando o in\u00edcio do tempo da Quaresma com o rito da imposi\u00e7\u00e3o das cinzas.<\/p>\n<p>O Papa falou num \u201ccomo convite \u00e0 penit\u00eancia, \u00e0 humildade, a ter presente a pr\u00f3pria condi\u00e7\u00e3o mortal\u201d, que n\u00e3o deve \u201clevar ao desespero\u201d, mas antes a acolher a \u201cimpens\u00e1vel proximidade de Deus, que, para al\u00e9m da morte, abre a passagem para a ressurrei\u00e7\u00e3o, para o para\u00edso finalmente reencontrado\u201d.<\/p>\n<p>A celebra\u00e7\u00e3o foi antecedida por uma \u201cprociss\u00e3o penitencial\u201d, desde a igreja de Santo Anselmo, ap\u00f3s um momento de ora\u00e7\u00e3o pessoal, com a presen\u00e7a de cardeais e bispos, dos monges beneditinos de Santo Anselmo e dos padres dominicanos de Santa Sabina.<\/p>\n<p>Na homilia da missa, o Papa apresentou uma reflex\u00e3o sobre a imposi\u00e7\u00e3o das cinzas, observando que se trata de \u201cum daqueles sinais materiais que transportam o cosmos para o interior da Liturgia\u201d.<\/p>\n<p>\u201cO sinal da cinza conduz-nos ao grande fresco da cria\u00e7\u00e3o, onde se diz que o ser humano \u00e9 uma singular unidade de mat\u00e9ria e de sopro divino, atrav\u00e9s da imagem do p\u00f3 da terra plasmado por Deus e animado pela sua respira\u00e7\u00e3o, insuflada nas narinas da nova criatura\u201d, observou, numa refer\u00eancia ao livro do G\u00e9nesis, o primeiro da B\u00edblia.<\/p>\n<p>Segundo Bento XVI, s\u00f3 depois do pecado \u00e9 que o s\u00edmbolo do p\u00f3 assume uma conota\u00e7\u00e3o negativa, deixando de \u201cde evocar o gesto criador de Deus, todo aberto \u00e0 vida, para se tornar sinal de um inexor\u00e1vel destino de morte: \u2018Tu \u00e9s p\u00f3 e ao p\u00f3 voltar\u00e1s\u2019\u201d.<\/p>\n<p>Ag. Ecclesia<\/p>\n<p>&#8220;Tenta\u00e7\u00e3o&#8221; de mundo sem Deus<\/p>\n<p>Bento XVI alertou para a \u201ctenta\u00e7\u00e3o\u201d de eliminar Deus da constru\u00e7\u00e3o da sociedade, que considera estar \u201csempre presente\u201d na hist\u00f3ria da humanidade. O Papa falava a milhares de peregrinos reunidos no domingo na Pra\u00e7a de S\u00e3o Pedro, para a recita\u00e7\u00e3o da ora\u00e7\u00e3o do Angelus, comentando uma passagem do Evangelho do primeiro domingo da Quaresma, que relata as \u201ctenta\u00e7\u00f5es\u201d a que Jesus foi submetido no deserto, um lugar que pode servir como \u201cref\u00fagio\u201d.<\/p>\n<p>Para Bento XVI, muitos procuram construir a sua vida \u201cfora\u201d de Deus ou como \u201cse Ele n\u00e3o existisse\u201d, contando apenas com as suas pr\u00f3prias capacidades para \u201ccolocar ordem em si pr\u00f3prios e no mundo\u201d. Nesse contexto, apelou \u00e0 \u201cpaci\u00eancia e humildade\u201d para seguir Jesus, \u201cfonte da verdadeira vida\u201d.<\/p>\n","protected":false},"excerpt":{"rendered":"<p>Bento XVI presidiu a uma missa na Bas\u00edlica de Santa Sabina, em Roma, assinalando o in\u00edcio do tempo da Quaresma com o rito da imposi\u00e7\u00e3o das cinzas. O Papa falou num \u201ccomo convite \u00e0 penit\u00eancia, \u00e0 humildade, a ter presente a pr\u00f3pria condi\u00e7\u00e3o mortal\u201d, que n\u00e3o deve \u201clevar ao desespero\u201d, mas antes a acolher a [&hellip;]<\/p>\n","protected":false},"author":1,"featured_media":0,"comment_status":"open","ping_status":"open","sticky":false,"template":"","format":"standard","meta":{"footnotes":""},"categories":[55],"tags":[],"class_list":["post-19334","post","type-post","status-publish","format-standard","hentry","category-igreja-no-mundo"],"_links":{"self":[{"href":"https:\/\/sites.ecclesia.pt\/cv\/wp-json\/wp\/v2\/posts\/19334","targetHints":{"allow":["GET"]}}],"collection":[{"href":"https:\/\/sites.ecclesia.pt\/cv\/wp-json\/wp\/v2\/posts"}],"about":[{"href":"https:\/\/sites.ecclesia.pt\/cv\/wp-json\/wp\/v2\/types\/post"}],"author":[{"embeddable":true,"href":"https:\/\/sites.ecclesia.pt\/cv\/wp-json\/wp\/v2\/users\/1"}],"replies":[{"embeddable":true,"href":"https:\/\/sites.ecclesia.pt\/cv\/wp-json\/wp\/v2\/comments?post=19334"}],"version-history":[{"count":0,"href":"https:\/\/sites.ecclesia.pt\/cv\/wp-json\/wp\/v2\/posts\/19334\/revisions"}],"wp:attachment":[{"href":"https:\/\/sites.ecclesia.pt\/cv\/wp-json\/wp\/v2\/media?parent=19334"}],"wp:term":[{"taxonomy":"category","embeddable":true,"href":"https:\/\/sites.ecclesia.pt\/cv\/wp-json\/wp\/v2\/categories?post=19334"},{"taxonomy":"post_tag","embeddable":true,"href":"https:\/\/sites.ecclesia.pt\/cv\/wp-json\/wp\/v2\/tags?post=19334"}],"curies":[{"name":"wp","href":"https:\/\/api.w.org\/{rel}","templated":true}]}}