{"id":19351,"date":"2012-02-09T10:15:00","date_gmt":"2012-02-09T10:15:00","guid":{"rendered":"http:\/\/localhost:81\/wp1\/?p=19351"},"modified":"2012-02-09T10:15:00","modified_gmt":"2012-02-09T10:15:00","slug":"dia-do-doente-na-casa-das-irmas-dominicanas","status":"publish","type":"post","link":"https:\/\/sites.ecclesia.pt\/cv\/dia-do-doente-na-casa-das-irmas-dominicanas\/","title":{"rendered":"Dia do Doente na Casa das Irm\u00e3s Dominicanas"},"content":{"rendered":"<p>A Casa das Irm\u00e3s Dominicanas, no Bairro de Santiago, Aveiro, acolhe no dia 11 de fevereiro, o encontro diocesano dos doentes, numa organiza\u00e7\u00e3o conjunta do Departamento Diocesano da Pastoral da Sa\u00fade, Visitadores dos Doentes e Movimento da Mensagem de F\u00e1tima.<\/p>\n<p>O encontro ter\u00e1 in\u00edcio pelas 10h00 e terminar\u00e1 pelas 17, ap\u00f3s a celebra\u00e7\u00e3o da Eucaristia (no Hospital de Aveiro).<\/p>\n","protected":false},"excerpt":{"rendered":"<p>A Casa das Irm\u00e3s Dominicanas, no Bairro de Santiago, Aveiro, acolhe no dia 11 de fevereiro, o encontro diocesano dos doentes, numa organiza\u00e7\u00e3o conjunta do Departamento Diocesano da Pastoral da Sa\u00fade, Visitadores dos Doentes e Movimento da Mensagem de F\u00e1tima. O encontro ter\u00e1 in\u00edcio pelas 10h00 e terminar\u00e1 pelas 17, ap\u00f3s a celebra\u00e7\u00e3o da Eucaristia [&hellip;]<\/p>\n","protected":false},"author":1,"featured_media":0,"comment_status":"open","ping_status":"open","sticky":false,"template":"","format":"standard","meta":{"footnotes":""},"categories":[70],"tags":[],"class_list":["post-19351","post","type-post","status-publish","format-standard","hentry","category-diocese"],"_links":{"self":[{"href":"https:\/\/sites.ecclesia.pt\/cv\/wp-json\/wp\/v2\/posts\/19351","targetHints":{"allow":["GET"]}}],"collection":[{"href":"https:\/\/sites.ecclesia.pt\/cv\/wp-json\/wp\/v2\/posts"}],"about":[{"href":"https:\/\/sites.ecclesia.pt\/cv\/wp-json\/wp\/v2\/types\/post"}],"author":[{"embeddable":true,"href":"https:\/\/sites.ecclesia.pt\/cv\/wp-json\/wp\/v2\/users\/1"}],"replies":[{"embeddable":true,"href":"https:\/\/sites.ecclesia.pt\/cv\/wp-json\/wp\/v2\/comments?post=19351"}],"version-history":[{"count":0,"href":"https:\/\/sites.ecclesia.pt\/cv\/wp-json\/wp\/v2\/posts\/19351\/revisions"}],"wp:attachment":[{"href":"https:\/\/sites.ecclesia.pt\/cv\/wp-json\/wp\/v2\/media?parent=19351"}],"wp:term":[{"taxonomy":"category","embeddable":true,"href":"https:\/\/sites.ecclesia.pt\/cv\/wp-json\/wp\/v2\/categories?post=19351"},{"taxonomy":"post_tag","embeddable":true,"href":"https:\/\/sites.ecclesia.pt\/cv\/wp-json\/wp\/v2\/tags?post=19351"}],"curies":[{"name":"wp","href":"https:\/\/api.w.org\/{rel}","templated":true}]}}