{"id":19352,"date":"2012-02-09T10:20:00","date_gmt":"2012-02-09T10:20:00","guid":{"rendered":"http:\/\/localhost:81\/wp1\/?p=19352"},"modified":"2012-02-09T10:20:00","modified_gmt":"2012-02-09T10:20:00","slug":"500-mil-velas-vendidas-pela-caritas-durante-a-campanha-10-milhoes-de-estrelas","status":"publish","type":"post","link":"https:\/\/sites.ecclesia.pt\/cv\/500-mil-velas-vendidas-pela-caritas-durante-a-campanha-10-milhoes-de-estrelas\/","title":{"rendered":"500 mil velas vendidas pela Caritas durante a campanha \u00ab10 milh\u00f5es de estrelas\u00bb"},"content":{"rendered":"<p>O balan\u00e7o provis\u00f3rio da campanha \u201c10 milh\u00f5es de estrelas\u201d, lan\u00e7ada pela Caritas Portuguesa durante esta quadra natal\u00edcia, aponta para um resultado \u201cmuito acima da meta tra\u00e7ada\u201d, com um total de 500 mil velas vendidas.<\/p>\n<p>A entidade organizadora considera que \u201ca opera\u00e7\u00e3o superou, uma vez mais, a meta tra\u00e7ada, que no in\u00edcio do evento era de \u201c300 mil velas\u201d, n\u00famero que correspondia ao total das vendas em 2010.<\/p>\n<p>Para o presidente da Caritas Portuguesa, isto significa que a campanha solid\u00e1ria, criada h\u00e1 nove anos, faz \u201ccada vez mais parte da vida\u201d dos cidad\u00e3os, afirmando-se tamb\u00e9m como \u201cum contributo de extrema relev\u00e2ncia\u201d para a organiza\u00e7\u00e3o, que assim pode fazer face aos \u201cmuitos\u201d pedidos de ajuda que v\u00e3o surgindo. Em 2011, aquela institui\u00e7\u00e3o atendeu, todos os meses, cerca de 1400 novos pedidos de ajuda, a um ritmo de 17 fam\u00edlias por dia.<\/p>\n<p>Um \u201ccompromisso\u201d que, acrescenta Eug\u00e9nio Fonseca, se vai \u201cmanter\u201d ao longo deste ano, em que o organismo \u201cprocurar\u00e1 fazer o que estiver ao seu alcance para alimentar a esperan\u00e7a dos portugueses\u201d, nestes \u201ctempos t\u00e3o dif\u00edceis\u201d.<\/p>\n<p>A iniciativa \u201c10 milh\u00f5es de estrelas\u201d vai reverter, em 65%, para as diversas Caritas diocesanas espalhadas pelo pa\u00eds, que se debatem atualmente com falta de recursos para corresponderem aos problemas identificados no terreno. Atrav\u00e9s da compra de uma vela (1 euro), os portugueses contribu\u00edram tamb\u00e9m (em 35% do montante recolhido) para ajudar as popula\u00e7\u00f5es desfavorecidas da Som\u00e1lia, pa\u00eds do nordeste africano que foi atingido pela pior seca dos \u00faltimos 60 anos.<\/p>\n<p>\u00c9 de referir que uma cadeia de supermercados vendeu mais de metade das velas. As restantes foram vendidas pelas 19 Caritas diocesanas.<\/p>\n<p>Ecclesia \/ CV<\/p>\n","protected":false},"excerpt":{"rendered":"<p>O balan\u00e7o provis\u00f3rio da campanha \u201c10 milh\u00f5es de estrelas\u201d, lan\u00e7ada pela Caritas Portuguesa durante esta quadra natal\u00edcia, aponta para um resultado \u201cmuito acima da meta tra\u00e7ada\u201d, com um total de 500 mil velas vendidas. A entidade organizadora considera que \u201ca opera\u00e7\u00e3o superou, uma vez mais, a meta tra\u00e7ada, que no in\u00edcio do evento era de [&hellip;]<\/p>\n","protected":false},"author":1,"featured_media":0,"comment_status":"open","ping_status":"open","sticky":false,"template":"","format":"standard","meta":{"footnotes":""},"categories":[53],"tags":[],"class_list":["post-19352","post","type-post","status-publish","format-standard","hentry","category-igreja-em-portugal"],"_links":{"self":[{"href":"https:\/\/sites.ecclesia.pt\/cv\/wp-json\/wp\/v2\/posts\/19352","targetHints":{"allow":["GET"]}}],"collection":[{"href":"https:\/\/sites.ecclesia.pt\/cv\/wp-json\/wp\/v2\/posts"}],"about":[{"href":"https:\/\/sites.ecclesia.pt\/cv\/wp-json\/wp\/v2\/types\/post"}],"author":[{"embeddable":true,"href":"https:\/\/sites.ecclesia.pt\/cv\/wp-json\/wp\/v2\/users\/1"}],"replies":[{"embeddable":true,"href":"https:\/\/sites.ecclesia.pt\/cv\/wp-json\/wp\/v2\/comments?post=19352"}],"version-history":[{"count":0,"href":"https:\/\/sites.ecclesia.pt\/cv\/wp-json\/wp\/v2\/posts\/19352\/revisions"}],"wp:attachment":[{"href":"https:\/\/sites.ecclesia.pt\/cv\/wp-json\/wp\/v2\/media?parent=19352"}],"wp:term":[{"taxonomy":"category","embeddable":true,"href":"https:\/\/sites.ecclesia.pt\/cv\/wp-json\/wp\/v2\/categories?post=19352"},{"taxonomy":"post_tag","embeddable":true,"href":"https:\/\/sites.ecclesia.pt\/cv\/wp-json\/wp\/v2\/tags?post=19352"}],"curies":[{"name":"wp","href":"https:\/\/api.w.org\/{rel}","templated":true}]}}