{"id":19368,"date":"2012-03-01T09:33:00","date_gmt":"2012-03-01T09:33:00","guid":{"rendered":"http:\/\/localhost:81\/wp1\/?p=19368"},"modified":"2012-03-01T09:33:00","modified_gmt":"2012-03-01T09:33:00","slug":"movimento-civico-recolheu-3400-assinaturas-contra-a-ponte-do-canal-central","status":"publish","type":"post","link":"https:\/\/sites.ecclesia.pt\/cv\/movimento-civico-recolheu-3400-assinaturas-contra-a-ponte-do-canal-central\/","title":{"rendered":"Movimento c\u00edvico recolheu 3400 assinaturas contra a ponte do Canal Central"},"content":{"rendered":"<p>Em pouco mais de duas semanas, numa iniciativa do movimento c\u00edvico Amigos d\u2019Avenida, mais de 3 400 cidad\u00e3os subscreveram uma carta contra a constru\u00e7\u00e3o da ponte pedonal no Canal Central. Trata-se de um \u201csinal claro e inequ\u00edvoco da oposi\u00e7\u00e3o dos cidad\u00e3os de Aveiro \u00e0 inten\u00e7\u00e3o da autarquia de construir uma ponte pedonal no Canal Central\u201d, afirma a organiza\u00e7\u00e3o. Esta semana a carta e as assinaturas s\u00e3o entregues \u00e0 Administra\u00e7\u00e3o da Regi\u00e3o Hidrogr\u00e1fica do Centro (ARH), em Coimbra, por representantes do grupo que tem dinamizado esta iniciativa.<\/p>\n<p>Para amanh\u00e3, 1 de mar\u00e7o, pelas 18h30, no sal\u00e3o da Associa\u00e7\u00e3o Comercial de Aveiro, est\u00e1 marcada uma sess\u00e3o de balan\u00e7o das atividades realizadas pelo movimento e para apresenta\u00e7\u00e3o de um novo parecer t\u00e9cnico e jur\u00eddico sobre a Ponte Pedonal, o qual tamb\u00e9m ser\u00e1 entregue \u00e0 ARH e demais institui\u00e7\u00f5es que tutelam esta mat\u00e9ria.<\/p>\n","protected":false},"excerpt":{"rendered":"<p>Em pouco mais de duas semanas, numa iniciativa do movimento c\u00edvico Amigos d\u2019Avenida, mais de 3 400 cidad\u00e3os subscreveram uma carta contra a constru\u00e7\u00e3o da ponte pedonal no Canal Central. Trata-se de um \u201csinal claro e inequ\u00edvoco da oposi\u00e7\u00e3o dos cidad\u00e3os de Aveiro \u00e0 inten\u00e7\u00e3o da autarquia de construir uma ponte pedonal no Canal Central\u201d, [&hellip;]<\/p>\n","protected":false},"author":1,"featured_media":0,"comment_status":"open","ping_status":"open","sticky":false,"template":"","format":"standard","meta":{"footnotes":""},"categories":[45],"tags":[],"class_list":["post-19368","post","type-post","status-publish","format-standard","hentry","category-regioes"],"_links":{"self":[{"href":"https:\/\/sites.ecclesia.pt\/cv\/wp-json\/wp\/v2\/posts\/19368","targetHints":{"allow":["GET"]}}],"collection":[{"href":"https:\/\/sites.ecclesia.pt\/cv\/wp-json\/wp\/v2\/posts"}],"about":[{"href":"https:\/\/sites.ecclesia.pt\/cv\/wp-json\/wp\/v2\/types\/post"}],"author":[{"embeddable":true,"href":"https:\/\/sites.ecclesia.pt\/cv\/wp-json\/wp\/v2\/users\/1"}],"replies":[{"embeddable":true,"href":"https:\/\/sites.ecclesia.pt\/cv\/wp-json\/wp\/v2\/comments?post=19368"}],"version-history":[{"count":0,"href":"https:\/\/sites.ecclesia.pt\/cv\/wp-json\/wp\/v2\/posts\/19368\/revisions"}],"wp:attachment":[{"href":"https:\/\/sites.ecclesia.pt\/cv\/wp-json\/wp\/v2\/media?parent=19368"}],"wp:term":[{"taxonomy":"category","embeddable":true,"href":"https:\/\/sites.ecclesia.pt\/cv\/wp-json\/wp\/v2\/categories?post=19368"},{"taxonomy":"post_tag","embeddable":true,"href":"https:\/\/sites.ecclesia.pt\/cv\/wp-json\/wp\/v2\/tags?post=19368"}],"curies":[{"name":"wp","href":"https:\/\/api.w.org\/{rel}","templated":true}]}}