{"id":19465,"date":"2012-02-09T10:26:00","date_gmt":"2012-02-09T10:26:00","guid":{"rendered":"http:\/\/localhost:81\/wp1\/?p=19465"},"modified":"2012-02-09T10:26:00","modified_gmt":"2012-02-09T10:26:00","slug":"igreja-tem-de-ultrapassar-negociacao-na-questao-da-pedofilia","status":"publish","type":"post","link":"https:\/\/sites.ecclesia.pt\/cv\/igreja-tem-de-ultrapassar-negociacao-na-questao-da-pedofilia\/","title":{"rendered":"Igreja tem de ultrapassar \u00abnegocia\u00e7\u00e3o\u00bb na quest\u00e3o da pedofilia"},"content":{"rendered":"<p>O promotor de justi\u00e7a da Congrega\u00e7\u00e3o para a Doutrina da F\u00e9 (CDF), organismo da Santa S\u00e9, afirmou que a \u201cnega\u00e7\u00e3o\u201d dos casos de abusos sexuais na Igreja \u00e9 uma forma \u201cmuito primitiva\u201d de lidar com esta situa\u00e7\u00e3o. \u201cPenso que a nega\u00e7\u00e3o nunca ser\u00e1 uma boa resposta; n\u00e3o nego que tenha existido essa nega\u00e7\u00e3o, penso que as pessoas sabem disso, mas precisam de saber que temos de seguir em frente\u201d, referiu monsenhor Charles Scicluna \u00e0 Reuters TV.<\/p>\n<p>A entrevista antecipou o simp\u00f3sio sobre os casos de abusos sexuais na Igreja que est\u00e1 a decorrer em Roma, entre os dias 6 a 9 deste m\u00eas, com representantes de 110 confer\u00eancias episcopais, incluindo a portuguesa, e 30 ordens religiosas.<\/p>\n<p>De acordo com monsenhor Scicluna, a Igreja tem enviado uma \u201cmensagem muito clara\u201d para que os bispos respeitem as leis civis em casos de abuso. <\/p>\n","protected":false},"excerpt":{"rendered":"<p>O promotor de justi\u00e7a da Congrega\u00e7\u00e3o para a Doutrina da F\u00e9 (CDF), organismo da Santa S\u00e9, afirmou que a \u201cnega\u00e7\u00e3o\u201d dos casos de abusos sexuais na Igreja \u00e9 uma forma \u201cmuito primitiva\u201d de lidar com esta situa\u00e7\u00e3o. \u201cPenso que a nega\u00e7\u00e3o nunca ser\u00e1 uma boa resposta; n\u00e3o nego que tenha existido essa nega\u00e7\u00e3o, penso que [&hellip;]<\/p>\n","protected":false},"author":1,"featured_media":0,"comment_status":"open","ping_status":"open","sticky":false,"template":"","format":"standard","meta":{"footnotes":""},"categories":[55],"tags":[],"class_list":["post-19465","post","type-post","status-publish","format-standard","hentry","category-igreja-no-mundo"],"_links":{"self":[{"href":"https:\/\/sites.ecclesia.pt\/cv\/wp-json\/wp\/v2\/posts\/19465","targetHints":{"allow":["GET"]}}],"collection":[{"href":"https:\/\/sites.ecclesia.pt\/cv\/wp-json\/wp\/v2\/posts"}],"about":[{"href":"https:\/\/sites.ecclesia.pt\/cv\/wp-json\/wp\/v2\/types\/post"}],"author":[{"embeddable":true,"href":"https:\/\/sites.ecclesia.pt\/cv\/wp-json\/wp\/v2\/users\/1"}],"replies":[{"embeddable":true,"href":"https:\/\/sites.ecclesia.pt\/cv\/wp-json\/wp\/v2\/comments?post=19465"}],"version-history":[{"count":0,"href":"https:\/\/sites.ecclesia.pt\/cv\/wp-json\/wp\/v2\/posts\/19465\/revisions"}],"wp:attachment":[{"href":"https:\/\/sites.ecclesia.pt\/cv\/wp-json\/wp\/v2\/media?parent=19465"}],"wp:term":[{"taxonomy":"category","embeddable":true,"href":"https:\/\/sites.ecclesia.pt\/cv\/wp-json\/wp\/v2\/categories?post=19465"},{"taxonomy":"post_tag","embeddable":true,"href":"https:\/\/sites.ecclesia.pt\/cv\/wp-json\/wp\/v2\/tags?post=19465"}],"curies":[{"name":"wp","href":"https:\/\/api.w.org\/{rel}","templated":true}]}}