{"id":19473,"date":"2012-02-29T17:34:00","date_gmt":"2012-02-29T17:34:00","guid":{"rendered":"http:\/\/localhost:81\/wp1\/?p=19473"},"modified":"2012-02-29T17:34:00","modified_gmt":"2012-02-29T17:34:00","slug":"peru","status":"publish","type":"post","link":"https:\/\/sites.ecclesia.pt\/cv\/peru\/","title":{"rendered":"Peru"},"content":{"rendered":"<p>Crist\u00e3os no Mundo <!--more--> O Vaticano estabeleceu como prazo m\u00e1ximo o Domingo de P\u00e1scoa, 8 de abril, para que a Pontif\u00edcia Universidade Cat\u00f3lica do Peru (PUCP) adeque os seus estatutos \u00e0 constitui\u00e7\u00e3o apost\u00f3lica \u201cEx-Corde Ecclesiae\u201d, de 1990, que rege as universidades cat\u00f3licas do mundo. Criada em 1917, a universidade peruana ainda n\u00e3o modificou os seus estatutos e tem sido criticada por se deixar politizar. <\/p>\n","protected":false},"excerpt":{"rendered":"<p>Crist\u00e3os no Mundo<\/p>\n","protected":false},"author":1,"featured_media":0,"comment_status":"open","ping_status":"open","sticky":false,"template":"","format":"standard","meta":{"footnotes":""},"categories":[55],"tags":[],"class_list":["post-19473","post","type-post","status-publish","format-standard","hentry","category-igreja-no-mundo"],"_links":{"self":[{"href":"https:\/\/sites.ecclesia.pt\/cv\/wp-json\/wp\/v2\/posts\/19473","targetHints":{"allow":["GET"]}}],"collection":[{"href":"https:\/\/sites.ecclesia.pt\/cv\/wp-json\/wp\/v2\/posts"}],"about":[{"href":"https:\/\/sites.ecclesia.pt\/cv\/wp-json\/wp\/v2\/types\/post"}],"author":[{"embeddable":true,"href":"https:\/\/sites.ecclesia.pt\/cv\/wp-json\/wp\/v2\/users\/1"}],"replies":[{"embeddable":true,"href":"https:\/\/sites.ecclesia.pt\/cv\/wp-json\/wp\/v2\/comments?post=19473"}],"version-history":[{"count":0,"href":"https:\/\/sites.ecclesia.pt\/cv\/wp-json\/wp\/v2\/posts\/19473\/revisions"}],"wp:attachment":[{"href":"https:\/\/sites.ecclesia.pt\/cv\/wp-json\/wp\/v2\/media?parent=19473"}],"wp:term":[{"taxonomy":"category","embeddable":true,"href":"https:\/\/sites.ecclesia.pt\/cv\/wp-json\/wp\/v2\/categories?post=19473"},{"taxonomy":"post_tag","embeddable":true,"href":"https:\/\/sites.ecclesia.pt\/cv\/wp-json\/wp\/v2\/tags?post=19473"}],"curies":[{"name":"wp","href":"https:\/\/api.w.org\/{rel}","templated":true}]}}