{"id":19497,"date":"2012-02-09T10:19:00","date_gmt":"2012-02-09T10:19:00","guid":{"rendered":"http:\/\/localhost:81\/wp1\/?p=19497"},"modified":"2012-02-09T10:19:00","modified_gmt":"2012-02-09T10:19:00","slug":"sobrevivencia-das-instituicoes-e-a-maior-urgencia-para-presidente-reeleito-da-cnis","status":"publish","type":"post","link":"https:\/\/sites.ecclesia.pt\/cv\/sobrevivencia-das-instituicoes-e-a-maior-urgencia-para-presidente-reeleito-da-cnis\/","title":{"rendered":"Sobreviv\u00eancia das institui\u00e7\u00f5es \u00e9 a maior urg\u00eancia para presidente reeleito da CNIS"},"content":{"rendered":"<p>Padre Lino Maia elogiou \u201cpostura extremamente digna\u201d do candidato derrotado e prometeu aproveitar ideias da lista concorrente.<\/p>\n<p>A sobreviv\u00eancia financeira dos organismos de apoio social \u00e9 a prioridade mais importante para o presidente reeleito da Confedera\u00e7\u00e3o Nacional das Institui\u00e7\u00f5es de Solidariedade (CNIS).<\/p>\n<p>\u201cA urg\u00eancia das urg\u00eancias \u00e9 a promo\u00e7\u00e3o da sustentabilidade das institui\u00e7\u00f5es. Os recursos s\u00e3o escassos e os desafios s\u00e3o grandes porque temos de fazer mais com menos e n\u00e3o podemos fechar portas\u201d, disse \u00e0 Ag\u00eancia Ecclesia o padre Lino Maia.<\/p>\n<p>O respons\u00e1vel que no s\u00e1bado passado foi reeleito em F\u00e1tima para o terceiro mandato consecutivo \u00e0 frente da CNIS disse que durante o per\u00edodo pr\u00e9-eleitoral p\u00f4de \u201cconstatar no terreno o aumento das dificuldades\u201d das cerca de 2700 institui\u00e7\u00f5es associadas.<\/p>\n<p>O dirigente de 64 anos explicou que a sua presid\u00eancia, at\u00e9 2014, vai tamb\u00e9m dar aten\u00e7\u00e3o \u00e0 \u201cpromo\u00e7\u00e3o dos valores, corresponsabilidade na contrata\u00e7\u00e3o coletiva, forma\u00e7\u00e3o, educa\u00e7\u00e3o, a\u00e7\u00e3o social, sa\u00fade, desenvolvimento local, voluntariado e descentraliza\u00e7\u00e3o\u201d.<\/p>\n<p>O sacerdote da Diocese do Porto venceu contra a lista encabe\u00e7ada pelo padre Ars\u00e9nio Isidoro, do Patriarcado de Lisboa, naquela que foi a maior participa\u00e7\u00e3o eleitoral da hist\u00f3ria da CNIS: das 2100 institui\u00e7\u00f5es com direito a voto, 954 expressaram a sua vontade, quando no anterior sufr\u00e1gio tinham sido seis centenas.<\/p>\n<p>O reeleito elogiou \u201ca postura extremamente digna\u201d do oponente de 38 anos, que \u201cmostrou grandes qualidades e vontade de colaborar\u201d: \u201cTerminou a sua interven\u00e7\u00e3o no dia das elei\u00e7\u00f5es dizendo que ele, juntamente com quem o apoiou, integraria a equipa da CNIS\u201d, assinalou.<\/p>\n<p>Das propostas feitas pelo padre Ars\u00e9nio nas semanas que antecederam a elei\u00e7\u00e3o, o presidente da Confedera\u00e7\u00e3o destacou a \u201cnecessidade da promo\u00e7\u00e3o de algum lucro por parte das institui\u00e7\u00f5es\u201d para ser investido em servi\u00e7os: \u201c\u00c9 uma proposta muito interessante que conv\u00e9m equacionar\u201d, disse.<\/p>\n<p>Ecclesia \/ CV<\/p>\n","protected":false},"excerpt":{"rendered":"<p>Padre Lino Maia elogiou \u201cpostura extremamente digna\u201d do candidato derrotado e prometeu aproveitar ideias da lista concorrente. A sobreviv\u00eancia financeira dos organismos de apoio social \u00e9 a prioridade mais importante para o presidente reeleito da Confedera\u00e7\u00e3o Nacional das Institui\u00e7\u00f5es de Solidariedade (CNIS). \u201cA urg\u00eancia das urg\u00eancias \u00e9 a promo\u00e7\u00e3o da sustentabilidade das institui\u00e7\u00f5es. Os recursos [&hellip;]<\/p>\n","protected":false},"author":1,"featured_media":0,"comment_status":"open","ping_status":"open","sticky":false,"template":"","format":"standard","meta":{"footnotes":""},"categories":[53],"tags":[],"class_list":["post-19497","post","type-post","status-publish","format-standard","hentry","category-igreja-em-portugal"],"_links":{"self":[{"href":"https:\/\/sites.ecclesia.pt\/cv\/wp-json\/wp\/v2\/posts\/19497","targetHints":{"allow":["GET"]}}],"collection":[{"href":"https:\/\/sites.ecclesia.pt\/cv\/wp-json\/wp\/v2\/posts"}],"about":[{"href":"https:\/\/sites.ecclesia.pt\/cv\/wp-json\/wp\/v2\/types\/post"}],"author":[{"embeddable":true,"href":"https:\/\/sites.ecclesia.pt\/cv\/wp-json\/wp\/v2\/users\/1"}],"replies":[{"embeddable":true,"href":"https:\/\/sites.ecclesia.pt\/cv\/wp-json\/wp\/v2\/comments?post=19497"}],"version-history":[{"count":0,"href":"https:\/\/sites.ecclesia.pt\/cv\/wp-json\/wp\/v2\/posts\/19497\/revisions"}],"wp:attachment":[{"href":"https:\/\/sites.ecclesia.pt\/cv\/wp-json\/wp\/v2\/media?parent=19497"}],"wp:term":[{"taxonomy":"category","embeddable":true,"href":"https:\/\/sites.ecclesia.pt\/cv\/wp-json\/wp\/v2\/categories?post=19497"},{"taxonomy":"post_tag","embeddable":true,"href":"https:\/\/sites.ecclesia.pt\/cv\/wp-json\/wp\/v2\/tags?post=19497"}],"curies":[{"name":"wp","href":"https:\/\/api.w.org\/{rel}","templated":true}]}}