{"id":19543,"date":"2012-02-29T17:35:00","date_gmt":"2012-02-29T17:35:00","guid":{"rendered":"http:\/\/localhost:81\/wp1\/?p=19543"},"modified":"2012-02-29T17:35:00","modified_gmt":"2012-02-29T17:35:00","slug":"brasil-39","status":"publish","type":"post","link":"https:\/\/sites.ecclesia.pt\/cv\/brasil-39\/","title":{"rendered":"Brasil"},"content":{"rendered":"<p>Crist\u00e3os no Mundo <!--more--> A Campanha da Quaresma 2012 tem como tema \u201cFraternidade e Sa\u00fade P\u00fablica\u201d e tem como mote \u201cque a sa\u00fade se difunda sobre a terra\u201d, baseado numa passagem do livro b\u00edblico do Eclesi\u00e1stico. O documento que suporta a iniciativa, elaborado pela CNBB (bispos do Brasil) e dispon\u00edvel no seu s\u00edtio eletr\u00f3nico, refere que o financiamento da sa\u00fade p\u00fablica \u00e9 \u201cproblem\u00e1tico\u201d e \u201cinsuficiente\u201d: \u201c\u00c9 preocupante o n\u00e3o cumprimento sistem\u00e1tico, por muitos governantes, do m\u00ednimo de investimento em sa\u00fade p\u00fablica\u201d.<\/p>\n","protected":false},"excerpt":{"rendered":"<p>Crist\u00e3os no Mundo<\/p>\n","protected":false},"author":1,"featured_media":0,"comment_status":"open","ping_status":"open","sticky":false,"template":"","format":"standard","meta":{"footnotes":""},"categories":[55],"tags":[],"class_list":["post-19543","post","type-post","status-publish","format-standard","hentry","category-igreja-no-mundo"],"_links":{"self":[{"href":"https:\/\/sites.ecclesia.pt\/cv\/wp-json\/wp\/v2\/posts\/19543","targetHints":{"allow":["GET"]}}],"collection":[{"href":"https:\/\/sites.ecclesia.pt\/cv\/wp-json\/wp\/v2\/posts"}],"about":[{"href":"https:\/\/sites.ecclesia.pt\/cv\/wp-json\/wp\/v2\/types\/post"}],"author":[{"embeddable":true,"href":"https:\/\/sites.ecclesia.pt\/cv\/wp-json\/wp\/v2\/users\/1"}],"replies":[{"embeddable":true,"href":"https:\/\/sites.ecclesia.pt\/cv\/wp-json\/wp\/v2\/comments?post=19543"}],"version-history":[{"count":0,"href":"https:\/\/sites.ecclesia.pt\/cv\/wp-json\/wp\/v2\/posts\/19543\/revisions"}],"wp:attachment":[{"href":"https:\/\/sites.ecclesia.pt\/cv\/wp-json\/wp\/v2\/media?parent=19543"}],"wp:term":[{"taxonomy":"category","embeddable":true,"href":"https:\/\/sites.ecclesia.pt\/cv\/wp-json\/wp\/v2\/categories?post=19543"},{"taxonomy":"post_tag","embeddable":true,"href":"https:\/\/sites.ecclesia.pt\/cv\/wp-json\/wp\/v2\/tags?post=19543"}],"curies":[{"name":"wp","href":"https:\/\/api.w.org\/{rel}","templated":true}]}}